{"id":1136,"date":"2021-01-05T14:43:41","date_gmt":"2021-01-05T13:43:41","guid":{"rendered":"https:\/\/bikersdays.com\/?p=1136"},"modified":"2021-01-05T14:43:42","modified_gmt":"2021-01-05T13:43:42","slug":"die-pilgerfahrt-zur-cathedral-of-speed-ist-anfang-april-programmiert","status":"publish","type":"post","link":"https:\/\/bikersdays.com\/de\/die-pilgerfahrt-zur-cathedral-of-speed-ist-anfang-april-programmiert\/","title":{"rendered":"Die Pilgerfahrt zur \u00ab Cathedral of Speed \u00bb ist Anfang April programmiert !"},"content":{"rendered":"\n<p>Der Kalender der Bikers\u2019Days 2021 vervollst\u00e4ndigt sich mit riesen Geschwindigkeit ! Nach Barcelona, Le Mans, Mettet und nat\u00fcrlich Spa-Francorchamps mit 5 Daten, kann DG Sport nun den TT Circuit Assen, im Norden der Niederlande best\u00e4tigen!<\/p>\n\n\n\n<p>Und zwischen der \u2018Cathedral of Speed\u2019 und der Motorradgeschwindigkeit ist es eine spannende Liebesgeschichte. Die in 1925 angelegte Rennstrecke im Herzen der Provinz Drenthe war damals mehr als 28 Kilometer lang. Drei\u00dfig Jahre sp\u00e4ter wurde eine permanente Strecke mit einer L\u00e4nge von mehr als 7 Kilometern gebaut. 2006 wurde die 4555 Meter lange Strecke fertiggestellt und ist damit ein Muss f\u00fcr die MotoGP. Und von denen ist Maverick Vi\u00f1ales der bisher letzte Sieger auf Yamaha.&nbsp;<\/p>\n\n\n\n<p>Am Dienstag, den 6. April und Mittwoch, den 7. April werden zwei mal drei Stunden Strecke f\u00fcr die Teilnehmer angeboten, die in 4 homogene Gruppen eingeteilt sind: Freizeit, Schnell, Sehr schnell und Experte. Dies wird mit unseren Transpondeure aufgeteilt. Achtung, die L\u00e4rmbeschrenkung liegt bei 101 dB, was originale oder mit &#8222;dB-Killer&#8220; ausgestattete Auspuffrohre voraussetzt.<\/p>\n\n\n\n<p>Die Anmeldegeb\u00fchr f\u00fcr diese zwei Tage, intensiver und spannender Action auf den Spuren der Stars der MotoGP, betr\u00e4gt 400 Euro. Informationen und Anmeldung auf<a href=\"https:\/\/booking.dgsport.eu\/de\/bikers-days-assen\/117-bikers-days-assen-06-070421.html\" target=\"_blank\" rel=\"noreferrer noopener\"> booking.dgsport.eu\u00a0<\/a>\u00a0<\/p>\n","protected":false},"excerpt":{"rendered":"<p>Der Kalender der Bikers\u2019Days 2021 vervollst\u00e4ndigt sich mit riesen Geschwindigkeit ! Nach Barcelona, Le Mans, Mettet und nat\u00fcrlich Spa-Francorchamps mit [&hellip;]<\/p>\n","protected":false},"author":2,"featured_media":970,"comment_status":"closed","ping_status":"open","sticky":false,"template":"","format":"standard","meta":{"_acf_changed":false,"footnotes":""},"categories":[23],"tags":[],"class_list":["post-1136","post","type-post","status-publish","format-standard","has-post-thumbnail","hentry","category-kalender-2"],"acf":{"vhrs":null,"show_group":null},"yoast_head":"<!-- This site is optimized with the Yoast SEO plugin v27.5 - https:\/\/yoast.com\/product\/yoast-seo-wordpress\/ -->\n<title>Die Pilgerfahrt zur \u00ab Cathedral of Speed \u00bb ist Anfang April programmiert ! - Bikers&#039; Days<\/title>\n<meta name=\"robots\" content=\"index, follow, max-snippet:-1, max-image-preview:large, max-video-preview:-1\" \/>\n<link rel=\"canonical\" href=\"https:\/\/bikersdays.com\/de\/die-pilgerfahrt-zur-cathedral-of-speed-ist-anfang-april-programmiert\/\" \/>\n<meta property=\"og:locale\" content=\"de_DE\" \/>\n<meta property=\"og:type\" content=\"article\" \/>\n<meta property=\"og:title\" content=\"Die Pilgerfahrt zur \u00ab Cathedral of Speed \u00bb ist Anfang April programmiert ! - Bikers&#039; Days\" \/>\n<meta property=\"og:description\" content=\"Der Kalender der Bikers\u2019Days 2021 vervollst\u00e4ndigt sich mit riesen Geschwindigkeit ! Nach Barcelona, Le Mans, Mettet und nat\u00fcrlich Spa-Francorchamps mit [&hellip;]\" \/>\n<meta property=\"og:url\" content=\"https:\/\/bikersdays.com\/de\/die-pilgerfahrt-zur-cathedral-of-speed-ist-anfang-april-programmiert\/\" \/>\n<meta property=\"og:site_name\" content=\"Bikers&#039; Days\" \/>\n<meta property=\"article:published_time\" content=\"2021-01-05T13:43:41+00:00\" \/>\n<meta property=\"article:modified_time\" content=\"2021-01-05T13:43:42+00:00\" \/>\n<meta property=\"og:image\" content=\"https:\/\/bikersdays.com\/wp-content\/uploads\/sites\/6\/42535172_10156921557943783_934369186057027584_n.jpg\" \/>\n\t<meta property=\"og:image:width\" content=\"960\" \/>\n\t<meta property=\"og:image:height\" content=\"720\" \/>\n\t<meta property=\"og:image:type\" content=\"image\/jpeg\" \/>\n<meta name=\"author\" content=\"client\" \/>\n<meta name=\"twitter:card\" content=\"summary_large_image\" \/>\n<meta name=\"twitter:label1\" content=\"Verfasst von\" \/>\n\t<meta name=\"twitter:data1\" content=\"client\" \/>\n\t<meta name=\"twitter:label2\" content=\"Gesch\u00e4tzte Lesezeit\" \/>\n\t<meta name=\"twitter:data2\" content=\"1\u00a0Minute\" \/>\n<script type=\"application\/ld+json\" class=\"yoast-schema-graph\">{\"@context\":\"https:\\\/\\\/schema.org\",\"@graph\":[{\"@type\":\"Article\",\"@id\":\"https:\\\/\\\/bikersdays.com\\\/de\\\/die-pilgerfahrt-zur-cathedral-of-speed-ist-anfang-april-programmiert\\\/#article\",\"isPartOf\":{\"@id\":\"https:\\\/\\\/bikersdays.com\\\/de\\\/die-pilgerfahrt-zur-cathedral-of-speed-ist-anfang-april-programmiert\\\/\"},\"author\":{\"name\":\"client\",\"@id\":\"https:\\\/\\\/bikersdays.com\\\/de\\\/#\\\/schema\\\/person\\\/f869f197289e6a86361c833c1d0d95b5\"},\"headline\":\"Die Pilgerfahrt zur \u00ab Cathedral of Speed \u00bb ist Anfang April programmiert !\",\"datePublished\":\"2021-01-05T13:43:41+00:00\",\"dateModified\":\"2021-01-05T13:43:42+00:00\",\"mainEntityOfPage\":{\"@id\":\"https:\\\/\\\/bikersdays.com\\\/de\\\/die-pilgerfahrt-zur-cathedral-of-speed-ist-anfang-april-programmiert\\\/\"},\"wordCount\":203,\"image\":{\"@id\":\"https:\\\/\\\/bikersdays.com\\\/de\\\/die-pilgerfahrt-zur-cathedral-of-speed-ist-anfang-april-programmiert\\\/#primaryimage\"},\"thumbnailUrl\":\"https:\\\/\\\/bikersdays.com\\\/wp-content\\\/uploads\\\/sites\\\/6\\\/42535172_10156921557943783_934369186057027584_n.jpg\",\"articleSection\":[\"Kalender\"],\"inLanguage\":\"de\"},{\"@type\":\"WebPage\",\"@id\":\"https:\\\/\\\/bikersdays.com\\\/de\\\/die-pilgerfahrt-zur-cathedral-of-speed-ist-anfang-april-programmiert\\\/\",\"url\":\"https:\\\/\\\/bikersdays.com\\\/de\\\/die-pilgerfahrt-zur-cathedral-of-speed-ist-anfang-april-programmiert\\\/\",\"name\":\"Die Pilgerfahrt zur \u00ab Cathedral of Speed \u00bb ist Anfang April programmiert ! - Bikers&#039; Days\",\"isPartOf\":{\"@id\":\"https:\\\/\\\/bikersdays.com\\\/de\\\/#website\"},\"primaryImageOfPage\":{\"@id\":\"https:\\\/\\\/bikersdays.com\\\/de\\\/die-pilgerfahrt-zur-cathedral-of-speed-ist-anfang-april-programmiert\\\/#primaryimage\"},\"image\":{\"@id\":\"https:\\\/\\\/bikersdays.com\\\/de\\\/die-pilgerfahrt-zur-cathedral-of-speed-ist-anfang-april-programmiert\\\/#primaryimage\"},\"thumbnailUrl\":\"https:\\\/\\\/bikersdays.com\\\/wp-content\\\/uploads\\\/sites\\\/6\\\/42535172_10156921557943783_934369186057027584_n.jpg\",\"datePublished\":\"2021-01-05T13:43:41+00:00\",\"dateModified\":\"2021-01-05T13:43:42+00:00\",\"author\":{\"@id\":\"https:\\\/\\\/bikersdays.com\\\/de\\\/#\\\/schema\\\/person\\\/f869f197289e6a86361c833c1d0d95b5\"},\"breadcrumb\":{\"@id\":\"https:\\\/\\\/bikersdays.com\\\/de\\\/die-pilgerfahrt-zur-cathedral-of-speed-ist-anfang-april-programmiert\\\/#breadcrumb\"},\"inLanguage\":\"de\",\"potentialAction\":[{\"@type\":\"ReadAction\",\"target\":[\"https:\\\/\\\/bikersdays.com\\\/de\\\/die-pilgerfahrt-zur-cathedral-of-speed-ist-anfang-april-programmiert\\\/\"]}]},{\"@type\":\"ImageObject\",\"inLanguage\":\"de\",\"@id\":\"https:\\\/\\\/bikersdays.com\\\/de\\\/die-pilgerfahrt-zur-cathedral-of-speed-ist-anfang-april-programmiert\\\/#primaryimage\",\"url\":\"https:\\\/\\\/bikersdays.com\\\/wp-content\\\/uploads\\\/sites\\\/6\\\/42535172_10156921557943783_934369186057027584_n.jpg\",\"contentUrl\":\"https:\\\/\\\/bikersdays.com\\\/wp-content\\\/uploads\\\/sites\\\/6\\\/42535172_10156921557943783_934369186057027584_n.jpg\",\"width\":960,\"height\":720},{\"@type\":\"BreadcrumbList\",\"@id\":\"https:\\\/\\\/bikersdays.com\\\/de\\\/die-pilgerfahrt-zur-cathedral-of-speed-ist-anfang-april-programmiert\\\/#breadcrumb\",\"itemListElement\":[{\"@type\":\"ListItem\",\"position\":1,\"name\":\"Accueil\",\"item\":\"https:\\\/\\\/bikersdays.com\\\/de\\\/\"},{\"@type\":\"ListItem\",\"position\":2,\"name\":\"Die Pilgerfahrt zur \u00ab Cathedral of Speed \u00bb ist Anfang April programmiert !\"}]},{\"@type\":\"WebSite\",\"@id\":\"https:\\\/\\\/bikersdays.com\\\/de\\\/#website\",\"url\":\"https:\\\/\\\/bikersdays.com\\\/de\\\/\",\"name\":\"Bikers&#039; Days\",\"description\":\"\",\"potentialAction\":[{\"@type\":\"SearchAction\",\"target\":{\"@type\":\"EntryPoint\",\"urlTemplate\":\"https:\\\/\\\/bikersdays.com\\\/de\\\/?s={search_term_string}\"},\"query-input\":{\"@type\":\"PropertyValueSpecification\",\"valueRequired\":true,\"valueName\":\"search_term_string\"}}],\"inLanguage\":\"de\"},{\"@type\":\"Person\",\"@id\":\"https:\\\/\\\/bikersdays.com\\\/de\\\/#\\\/schema\\\/person\\\/f869f197289e6a86361c833c1d0d95b5\",\"name\":\"client\",\"image\":{\"@type\":\"ImageObject\",\"inLanguage\":\"de\",\"@id\":\"https:\\\/\\\/secure.gravatar.com\\\/avatar\\\/d0de661745071daff296a69510a88dd6ff40167a4a7f4158f09a3680fab567f6?s=96&d=mm&r=g\",\"url\":\"https:\\\/\\\/secure.gravatar.com\\\/avatar\\\/d0de661745071daff296a69510a88dd6ff40167a4a7f4158f09a3680fab567f6?s=96&d=mm&r=g\",\"contentUrl\":\"https:\\\/\\\/secure.gravatar.com\\\/avatar\\\/d0de661745071daff296a69510a88dd6ff40167a4a7f4158f09a3680fab567f6?s=96&d=mm&r=g\",\"caption\":\"client\"}}]}<\/script>\n<!-- \/ Yoast SEO plugin. -->","yoast_head_json":{"title":"Die Pilgerfahrt zur \u00ab Cathedral of Speed \u00bb ist Anfang April programmiert ! - Bikers&#039; Days","robots":{"index":"index","follow":"follow","max-snippet":"max-snippet:-1","max-image-preview":"max-image-preview:large","max-video-preview":"max-video-preview:-1"},"canonical":"https:\/\/bikersdays.com\/de\/die-pilgerfahrt-zur-cathedral-of-speed-ist-anfang-april-programmiert\/","og_locale":"de_DE","og_type":"article","og_title":"Die Pilgerfahrt zur \u00ab Cathedral of Speed \u00bb ist Anfang April programmiert ! - Bikers&#039; Days","og_description":"Der Kalender der Bikers\u2019Days 2021 vervollst\u00e4ndigt sich mit riesen Geschwindigkeit ! Nach Barcelona, Le Mans, Mettet und nat\u00fcrlich Spa-Francorchamps mit [&hellip;]","og_url":"https:\/\/bikersdays.com\/de\/die-pilgerfahrt-zur-cathedral-of-speed-ist-anfang-april-programmiert\/","og_site_name":"Bikers&#039; Days","article_published_time":"2021-01-05T13:43:41+00:00","article_modified_time":"2021-01-05T13:43:42+00:00","og_image":[{"width":960,"height":720,"url":"https:\/\/bikersdays.com\/wp-content\/uploads\/sites\/6\/42535172_10156921557943783_934369186057027584_n.jpg","type":"image\/jpeg"}],"author":"client","twitter_card":"summary_large_image","twitter_misc":{"Verfasst von":"client","Gesch\u00e4tzte Lesezeit":"1\u00a0Minute"},"schema":{"@context":"https:\/\/schema.org","@graph":[{"@type":"Article","@id":"https:\/\/bikersdays.com\/de\/die-pilgerfahrt-zur-cathedral-of-speed-ist-anfang-april-programmiert\/#article","isPartOf":{"@id":"https:\/\/bikersdays.com\/de\/die-pilgerfahrt-zur-cathedral-of-speed-ist-anfang-april-programmiert\/"},"author":{"name":"client","@id":"https:\/\/bikersdays.com\/de\/#\/schema\/person\/f869f197289e6a86361c833c1d0d95b5"},"headline":"Die Pilgerfahrt zur \u00ab Cathedral of Speed \u00bb ist Anfang April programmiert !","datePublished":"2021-01-05T13:43:41+00:00","dateModified":"2021-01-05T13:43:42+00:00","mainEntityOfPage":{"@id":"https:\/\/bikersdays.com\/de\/die-pilgerfahrt-zur-cathedral-of-speed-ist-anfang-april-programmiert\/"},"wordCount":203,"image":{"@id":"https:\/\/bikersdays.com\/de\/die-pilgerfahrt-zur-cathedral-of-speed-ist-anfang-april-programmiert\/#primaryimage"},"thumbnailUrl":"https:\/\/bikersdays.com\/wp-content\/uploads\/sites\/6\/42535172_10156921557943783_934369186057027584_n.jpg","articleSection":["Kalender"],"inLanguage":"de"},{"@type":"WebPage","@id":"https:\/\/bikersdays.com\/de\/die-pilgerfahrt-zur-cathedral-of-speed-ist-anfang-april-programmiert\/","url":"https:\/\/bikersdays.com\/de\/die-pilgerfahrt-zur-cathedral-of-speed-ist-anfang-april-programmiert\/","name":"Die Pilgerfahrt zur \u00ab Cathedral of Speed \u00bb ist Anfang April programmiert ! - Bikers&#039; Days","isPartOf":{"@id":"https:\/\/bikersdays.com\/de\/#website"},"primaryImageOfPage":{"@id":"https:\/\/bikersdays.com\/de\/die-pilgerfahrt-zur-cathedral-of-speed-ist-anfang-april-programmiert\/#primaryimage"},"image":{"@id":"https:\/\/bikersdays.com\/de\/die-pilgerfahrt-zur-cathedral-of-speed-ist-anfang-april-programmiert\/#primaryimage"},"thumbnailUrl":"https:\/\/bikersdays.com\/wp-content\/uploads\/sites\/6\/42535172_10156921557943783_934369186057027584_n.jpg","datePublished":"2021-01-05T13:43:41+00:00","dateModified":"2021-01-05T13:43:42+00:00","author":{"@id":"https:\/\/bikersdays.com\/de\/#\/schema\/person\/f869f197289e6a86361c833c1d0d95b5"},"breadcrumb":{"@id":"https:\/\/bikersdays.com\/de\/die-pilgerfahrt-zur-cathedral-of-speed-ist-anfang-april-programmiert\/#breadcrumb"},"inLanguage":"de","potentialAction":[{"@type":"ReadAction","target":["https:\/\/bikersdays.com\/de\/die-pilgerfahrt-zur-cathedral-of-speed-ist-anfang-april-programmiert\/"]}]},{"@type":"ImageObject","inLanguage":"de","@id":"https:\/\/bikersdays.com\/de\/die-pilgerfahrt-zur-cathedral-of-speed-ist-anfang-april-programmiert\/#primaryimage","url":"https:\/\/bikersdays.com\/wp-content\/uploads\/sites\/6\/42535172_10156921557943783_934369186057027584_n.jpg","contentUrl":"https:\/\/bikersdays.com\/wp-content\/uploads\/sites\/6\/42535172_10156921557943783_934369186057027584_n.jpg","width":960,"height":720},{"@type":"BreadcrumbList","@id":"https:\/\/bikersdays.com\/de\/die-pilgerfahrt-zur-cathedral-of-speed-ist-anfang-april-programmiert\/#breadcrumb","itemListElement":[{"@type":"ListItem","position":1,"name":"Accueil","item":"https:\/\/bikersdays.com\/de\/"},{"@type":"ListItem","position":2,"name":"Die Pilgerfahrt zur \u00ab Cathedral of Speed \u00bb ist Anfang April programmiert !"}]},{"@type":"WebSite","@id":"https:\/\/bikersdays.com\/de\/#website","url":"https:\/\/bikersdays.com\/de\/","name":"Bikers&#039; Days","description":"","potentialAction":[{"@type":"SearchAction","target":{"@type":"EntryPoint","urlTemplate":"https:\/\/bikersdays.com\/de\/?s={search_term_string}"},"query-input":{"@type":"PropertyValueSpecification","valueRequired":true,"valueName":"search_term_string"}}],"inLanguage":"de"},{"@type":"Person","@id":"https:\/\/bikersdays.com\/de\/#\/schema\/person\/f869f197289e6a86361c833c1d0d95b5","name":"client","image":{"@type":"ImageObject","inLanguage":"de","@id":"https:\/\/secure.gravatar.com\/avatar\/d0de661745071daff296a69510a88dd6ff40167a4a7f4158f09a3680fab567f6?s=96&d=mm&r=g","url":"https:\/\/secure.gravatar.com\/avatar\/d0de661745071daff296a69510a88dd6ff40167a4a7f4158f09a3680fab567f6?s=96&d=mm&r=g","contentUrl":"https:\/\/secure.gravatar.com\/avatar\/d0de661745071daff296a69510a88dd6ff40167a4a7f4158f09a3680fab567f6?s=96&d=mm&r=g","caption":"client"}}]}},"_links":{"self":[{"href":"https:\/\/bikersdays.com\/de\/wp-json\/wp\/v2\/posts\/1136","targetHints":{"allow":["GET"]}}],"collection":[{"href":"https:\/\/bikersdays.com\/de\/wp-json\/wp\/v2\/posts"}],"about":[{"href":"https:\/\/bikersdays.com\/de\/wp-json\/wp\/v2\/types\/post"}],"author":[{"embeddable":true,"href":"https:\/\/bikersdays.com\/de\/wp-json\/wp\/v2\/users\/2"}],"replies":[{"embeddable":true,"href":"https:\/\/bikersdays.com\/de\/wp-json\/wp\/v2\/comments?post=1136"}],"version-history":[{"count":0,"href":"https:\/\/bikersdays.com\/de\/wp-json\/wp\/v2\/posts\/1136\/revisions"}],"wp:featuredmedia":[{"embeddable":true,"href":"https:\/\/bikersdays.com\/de\/wp-json\/wp\/v2\/media\/970"}],"wp:attachment":[{"href":"https:\/\/bikersdays.com\/de\/wp-json\/wp\/v2\/media?parent=1136"}],"wp:term":[{"taxonomy":"category","embeddable":true,"href":"https:\/\/bikersdays.com\/de\/wp-json\/wp\/v2\/categories?post=1136"},{"taxonomy":"post_tag","embeddable":true,"href":"https:\/\/bikersdays.com\/de\/wp-json\/wp\/v2\/tags?post=1136"}],"curies":[{"name":"wp","href":"https:\/\/api.w.org\/{rel}","templated":true}]}}