{"id":13086,"date":"2024-08-15T09:48:36","date_gmt":"2024-08-15T07:48:36","guid":{"rendered":"https:\/\/bikersdays.com\/barcelona-catalunya-debut-septembre-cest-encore-possible\/"},"modified":"2024-09-25T09:51:12","modified_gmt":"2024-09-25T07:51:12","slug":"barcelona-catalunya-debut-septembre-cest-encore-possible","status":"publish","type":"post","link":"https:\/\/bikersdays.com\/de\/barcelona-catalunya-debut-septembre-cest-encore-possible\/","title":{"rendered":"Barcelona-Catalunya Anfang September, das ist noch m\u00f6glich!"},"content":{"rendered":"\n<p>Nach mehreren Tagen auf der Rennstrecke von Spa-Francorchamps bereiten sich die Bikers&#8217;Days darauf vor, ihren Herbstanfang zu feiern&#8230; unter der Sonne Kataloniens!\u00a0Am Montag, den 2., Dienstag, den 3. und Mittwoch, den 4. September steht die Rennstrecke von Barcelona-Catalunya auf dem Programm, auf dem die Gran Premi de Catalunya in der MotoGP ausgetragen wird!\u00a0<br><br>Die 4675 Meter lange Strecke mit ihren 9 Kurven geh\u00f6rt zu den Favoriten der\u00a0<em>Biker<\/em>, die hier unter perfekten Bedingungen ihre Runden drehen k\u00f6nnen. Die Teilnehmer der Bikers&#8217;Days werden anhand der \u00fcber die Transponder gesammelten Daten systematisch in homogene Gruppen eingeteilt &#8211; Freizeit, Schnell, Sehr Schnell, Experte. Dies erm\u00f6glicht es jedem, mit Fahrern auf die Strecke zu gehen, die das gleiche Niveau haben. Das ist beruhigend und motivierend zugleich!\u00a0<br><br>Ein weiteres Highlight dieser katalanischen Tage in der Region Montmel\u00f3 ist das Fehlen jeglicher L\u00e4rmbeschr\u00e4nkung! Egal, welche Maschine Sie bevorzugen, Sie sind herzlich willkommen!\u00a0<br><br>Dazu kommen noch der heilige Chrono Fun und die nicht weniger beliebte Happy Hour sowie eine Unterkunft im Hotel Augusta Valles, das nur 5 Minuten von der Rennstrecke entfernt ist, und Sie m\u00fcssen sich nur noch verf\u00fchren lassen und sich \u00fcber die offizielle Website der Bikers&#8217;Days anmelden.\u00a0Sollen wir Sie mitnehmen?\u00a0<br><br>Infos &amp; Anmeldung:\u00a0<a href=\"http:\/\/www.bikersdays.com\/\">www.bikersdays.com<\/a><br><\/p>\n","protected":false},"excerpt":{"rendered":"<p>Nach mehreren Tagen auf der Rennstrecke von Spa-Francorchamps bereiten sich die Bikers&#8217;Days darauf vor, ihren Herbstanfang zu feiern&#8230; unter der [&hellip;]<\/p>\n","protected":false},"author":2,"featured_media":12691,"comment_status":"closed","ping_status":"open","sticky":false,"template":"","format":"standard","meta":{"_acf_changed":false,"footnotes":""},"categories":[104],"tags":[],"class_list":["post-13086","post","type-post","status-publish","format-standard","has-post-thumbnail","hentry","category-2024-de"],"acf":{"vhrs":false,"show_group":false},"yoast_head":"<!-- This site is optimized with the Yoast SEO plugin v27.5 - https:\/\/yoast.com\/product\/yoast-seo-wordpress\/ -->\n<title>Barcelona-Catalunya Anfang September, das ist noch m\u00f6glich! - Bikers&#039; Days<\/title>\n<meta name=\"robots\" content=\"index, follow, max-snippet:-1, max-image-preview:large, max-video-preview:-1\" \/>\n<link rel=\"canonical\" href=\"https:\/\/bikersdays.com\/de\/barcelona-catalunya-debut-septembre-cest-encore-possible\/\" \/>\n<meta property=\"og:locale\" content=\"de_DE\" \/>\n<meta property=\"og:type\" content=\"article\" \/>\n<meta property=\"og:title\" content=\"Barcelona-Catalunya Anfang September, das ist noch m\u00f6glich! - Bikers&#039; Days\" \/>\n<meta property=\"og:description\" content=\"Nach mehreren Tagen auf der Rennstrecke von Spa-Francorchamps bereiten sich die Bikers&#8217;Days darauf vor, ihren Herbstanfang zu feiern&#8230; unter der [&hellip;]\" \/>\n<meta property=\"og:url\" content=\"https:\/\/bikersdays.com\/de\/barcelona-catalunya-debut-septembre-cest-encore-possible\/\" \/>\n<meta property=\"og:site_name\" content=\"Bikers&#039; Days\" \/>\n<meta property=\"article:published_time\" content=\"2024-08-15T07:48:36+00:00\" \/>\n<meta property=\"article:modified_time\" content=\"2024-09-25T07:51:12+00:00\" \/>\n<meta property=\"og:image\" content=\"https:\/\/bikersdays.com\/wp-content\/uploads\/sites\/6\/90304904-copia.jpg\" \/>\n\t<meta property=\"og:image:width\" content=\"1919\" \/>\n\t<meta property=\"og:image:height\" content=\"1279\" \/>\n\t<meta property=\"og:image:type\" content=\"image\/jpeg\" \/>\n<meta name=\"author\" content=\"client\" \/>\n<meta name=\"twitter:card\" content=\"summary_large_image\" \/>\n<meta name=\"twitter:label1\" content=\"Verfasst von\" \/>\n\t<meta name=\"twitter:data1\" content=\"client\" \/>\n\t<meta name=\"twitter:label2\" content=\"Gesch\u00e4tzte Lesezeit\" \/>\n\t<meta name=\"twitter:data2\" content=\"1\u00a0Minute\" \/>\n<script type=\"application\/ld+json\" class=\"yoast-schema-graph\">{\"@context\":\"https:\\\/\\\/schema.org\",\"@graph\":[{\"@type\":\"Article\",\"@id\":\"https:\\\/\\\/bikersdays.com\\\/de\\\/barcelona-catalunya-debut-septembre-cest-encore-possible\\\/#article\",\"isPartOf\":{\"@id\":\"https:\\\/\\\/bikersdays.com\\\/de\\\/barcelona-catalunya-debut-septembre-cest-encore-possible\\\/\"},\"author\":{\"name\":\"client\",\"@id\":\"https:\\\/\\\/bikersdays.com\\\/de\\\/#\\\/schema\\\/person\\\/f869f197289e6a86361c833c1d0d95b5\"},\"headline\":\"Barcelona-Catalunya Anfang September, das ist noch m\u00f6glich!\",\"datePublished\":\"2024-08-15T07:48:36+00:00\",\"dateModified\":\"2024-09-25T07:51:12+00:00\",\"mainEntityOfPage\":{\"@id\":\"https:\\\/\\\/bikersdays.com\\\/de\\\/barcelona-catalunya-debut-septembre-cest-encore-possible\\\/\"},\"wordCount\":216,\"image\":{\"@id\":\"https:\\\/\\\/bikersdays.com\\\/de\\\/barcelona-catalunya-debut-septembre-cest-encore-possible\\\/#primaryimage\"},\"thumbnailUrl\":\"https:\\\/\\\/bikersdays.com\\\/wp-content\\\/uploads\\\/sites\\\/6\\\/90304904-copia.jpg\",\"articleSection\":[\"2024\"],\"inLanguage\":\"de\"},{\"@type\":\"WebPage\",\"@id\":\"https:\\\/\\\/bikersdays.com\\\/de\\\/barcelona-catalunya-debut-septembre-cest-encore-possible\\\/\",\"url\":\"https:\\\/\\\/bikersdays.com\\\/de\\\/barcelona-catalunya-debut-septembre-cest-encore-possible\\\/\",\"name\":\"Barcelona-Catalunya Anfang September, das ist noch m\u00f6glich! - Bikers&#039; Days\",\"isPartOf\":{\"@id\":\"https:\\\/\\\/bikersdays.com\\\/de\\\/#website\"},\"primaryImageOfPage\":{\"@id\":\"https:\\\/\\\/bikersdays.com\\\/de\\\/barcelona-catalunya-debut-septembre-cest-encore-possible\\\/#primaryimage\"},\"image\":{\"@id\":\"https:\\\/\\\/bikersdays.com\\\/de\\\/barcelona-catalunya-debut-septembre-cest-encore-possible\\\/#primaryimage\"},\"thumbnailUrl\":\"https:\\\/\\\/bikersdays.com\\\/wp-content\\\/uploads\\\/sites\\\/6\\\/90304904-copia.jpg\",\"datePublished\":\"2024-08-15T07:48:36+00:00\",\"dateModified\":\"2024-09-25T07:51:12+00:00\",\"author\":{\"@id\":\"https:\\\/\\\/bikersdays.com\\\/de\\\/#\\\/schema\\\/person\\\/f869f197289e6a86361c833c1d0d95b5\"},\"breadcrumb\":{\"@id\":\"https:\\\/\\\/bikersdays.com\\\/de\\\/barcelona-catalunya-debut-septembre-cest-encore-possible\\\/#breadcrumb\"},\"inLanguage\":\"de\",\"potentialAction\":[{\"@type\":\"ReadAction\",\"target\":[\"https:\\\/\\\/bikersdays.com\\\/de\\\/barcelona-catalunya-debut-septembre-cest-encore-possible\\\/\"]}]},{\"@type\":\"ImageObject\",\"inLanguage\":\"de\",\"@id\":\"https:\\\/\\\/bikersdays.com\\\/de\\\/barcelona-catalunya-debut-septembre-cest-encore-possible\\\/#primaryimage\",\"url\":\"https:\\\/\\\/bikersdays.com\\\/wp-content\\\/uploads\\\/sites\\\/6\\\/90304904-copia.jpg\",\"contentUrl\":\"https:\\\/\\\/bikersdays.com\\\/wp-content\\\/uploads\\\/sites\\\/6\\\/90304904-copia.jpg\",\"width\":1919,\"height\":1279},{\"@type\":\"BreadcrumbList\",\"@id\":\"https:\\\/\\\/bikersdays.com\\\/de\\\/barcelona-catalunya-debut-septembre-cest-encore-possible\\\/#breadcrumb\",\"itemListElement\":[{\"@type\":\"ListItem\",\"position\":1,\"name\":\"Accueil\",\"item\":\"https:\\\/\\\/bikersdays.com\\\/de\\\/\"},{\"@type\":\"ListItem\",\"position\":2,\"name\":\"Barcelona-Catalunya Anfang September, das ist noch m\u00f6glich!\"}]},{\"@type\":\"WebSite\",\"@id\":\"https:\\\/\\\/bikersdays.com\\\/de\\\/#website\",\"url\":\"https:\\\/\\\/bikersdays.com\\\/de\\\/\",\"name\":\"Bikers&#039; Days\",\"description\":\"\",\"potentialAction\":[{\"@type\":\"SearchAction\",\"target\":{\"@type\":\"EntryPoint\",\"urlTemplate\":\"https:\\\/\\\/bikersdays.com\\\/de\\\/?s={search_term_string}\"},\"query-input\":{\"@type\":\"PropertyValueSpecification\",\"valueRequired\":true,\"valueName\":\"search_term_string\"}}],\"inLanguage\":\"de\"},{\"@type\":\"Person\",\"@id\":\"https:\\\/\\\/bikersdays.com\\\/de\\\/#\\\/schema\\\/person\\\/f869f197289e6a86361c833c1d0d95b5\",\"name\":\"client\",\"image\":{\"@type\":\"ImageObject\",\"inLanguage\":\"de\",\"@id\":\"https:\\\/\\\/secure.gravatar.com\\\/avatar\\\/d0de661745071daff296a69510a88dd6ff40167a4a7f4158f09a3680fab567f6?s=96&d=mm&r=g\",\"url\":\"https:\\\/\\\/secure.gravatar.com\\\/avatar\\\/d0de661745071daff296a69510a88dd6ff40167a4a7f4158f09a3680fab567f6?s=96&d=mm&r=g\",\"contentUrl\":\"https:\\\/\\\/secure.gravatar.com\\\/avatar\\\/d0de661745071daff296a69510a88dd6ff40167a4a7f4158f09a3680fab567f6?s=96&d=mm&r=g\",\"caption\":\"client\"}}]}<\/script>\n<!-- \/ Yoast SEO plugin. -->","yoast_head_json":{"title":"Barcelona-Catalunya Anfang September, das ist noch m\u00f6glich! - Bikers&#039; Days","robots":{"index":"index","follow":"follow","max-snippet":"max-snippet:-1","max-image-preview":"max-image-preview:large","max-video-preview":"max-video-preview:-1"},"canonical":"https:\/\/bikersdays.com\/de\/barcelona-catalunya-debut-septembre-cest-encore-possible\/","og_locale":"de_DE","og_type":"article","og_title":"Barcelona-Catalunya Anfang September, das ist noch m\u00f6glich! - Bikers&#039; Days","og_description":"Nach mehreren Tagen auf der Rennstrecke von Spa-Francorchamps bereiten sich die Bikers&#8217;Days darauf vor, ihren Herbstanfang zu feiern&#8230; unter der [&hellip;]","og_url":"https:\/\/bikersdays.com\/de\/barcelona-catalunya-debut-septembre-cest-encore-possible\/","og_site_name":"Bikers&#039; Days","article_published_time":"2024-08-15T07:48:36+00:00","article_modified_time":"2024-09-25T07:51:12+00:00","og_image":[{"width":1919,"height":1279,"url":"https:\/\/bikersdays.com\/wp-content\/uploads\/sites\/6\/90304904-copia.jpg","type":"image\/jpeg"}],"author":"client","twitter_card":"summary_large_image","twitter_misc":{"Verfasst von":"client","Gesch\u00e4tzte Lesezeit":"1\u00a0Minute"},"schema":{"@context":"https:\/\/schema.org","@graph":[{"@type":"Article","@id":"https:\/\/bikersdays.com\/de\/barcelona-catalunya-debut-septembre-cest-encore-possible\/#article","isPartOf":{"@id":"https:\/\/bikersdays.com\/de\/barcelona-catalunya-debut-septembre-cest-encore-possible\/"},"author":{"name":"client","@id":"https:\/\/bikersdays.com\/de\/#\/schema\/person\/f869f197289e6a86361c833c1d0d95b5"},"headline":"Barcelona-Catalunya Anfang September, das ist noch m\u00f6glich!","datePublished":"2024-08-15T07:48:36+00:00","dateModified":"2024-09-25T07:51:12+00:00","mainEntityOfPage":{"@id":"https:\/\/bikersdays.com\/de\/barcelona-catalunya-debut-septembre-cest-encore-possible\/"},"wordCount":216,"image":{"@id":"https:\/\/bikersdays.com\/de\/barcelona-catalunya-debut-septembre-cest-encore-possible\/#primaryimage"},"thumbnailUrl":"https:\/\/bikersdays.com\/wp-content\/uploads\/sites\/6\/90304904-copia.jpg","articleSection":["2024"],"inLanguage":"de"},{"@type":"WebPage","@id":"https:\/\/bikersdays.com\/de\/barcelona-catalunya-debut-septembre-cest-encore-possible\/","url":"https:\/\/bikersdays.com\/de\/barcelona-catalunya-debut-septembre-cest-encore-possible\/","name":"Barcelona-Catalunya Anfang September, das ist noch m\u00f6glich! - Bikers&#039; Days","isPartOf":{"@id":"https:\/\/bikersdays.com\/de\/#website"},"primaryImageOfPage":{"@id":"https:\/\/bikersdays.com\/de\/barcelona-catalunya-debut-septembre-cest-encore-possible\/#primaryimage"},"image":{"@id":"https:\/\/bikersdays.com\/de\/barcelona-catalunya-debut-septembre-cest-encore-possible\/#primaryimage"},"thumbnailUrl":"https:\/\/bikersdays.com\/wp-content\/uploads\/sites\/6\/90304904-copia.jpg","datePublished":"2024-08-15T07:48:36+00:00","dateModified":"2024-09-25T07:51:12+00:00","author":{"@id":"https:\/\/bikersdays.com\/de\/#\/schema\/person\/f869f197289e6a86361c833c1d0d95b5"},"breadcrumb":{"@id":"https:\/\/bikersdays.com\/de\/barcelona-catalunya-debut-septembre-cest-encore-possible\/#breadcrumb"},"inLanguage":"de","potentialAction":[{"@type":"ReadAction","target":["https:\/\/bikersdays.com\/de\/barcelona-catalunya-debut-septembre-cest-encore-possible\/"]}]},{"@type":"ImageObject","inLanguage":"de","@id":"https:\/\/bikersdays.com\/de\/barcelona-catalunya-debut-septembre-cest-encore-possible\/#primaryimage","url":"https:\/\/bikersdays.com\/wp-content\/uploads\/sites\/6\/90304904-copia.jpg","contentUrl":"https:\/\/bikersdays.com\/wp-content\/uploads\/sites\/6\/90304904-copia.jpg","width":1919,"height":1279},{"@type":"BreadcrumbList","@id":"https:\/\/bikersdays.com\/de\/barcelona-catalunya-debut-septembre-cest-encore-possible\/#breadcrumb","itemListElement":[{"@type":"ListItem","position":1,"name":"Accueil","item":"https:\/\/bikersdays.com\/de\/"},{"@type":"ListItem","position":2,"name":"Barcelona-Catalunya Anfang September, das ist noch m\u00f6glich!"}]},{"@type":"WebSite","@id":"https:\/\/bikersdays.com\/de\/#website","url":"https:\/\/bikersdays.com\/de\/","name":"Bikers&#039; Days","description":"","potentialAction":[{"@type":"SearchAction","target":{"@type":"EntryPoint","urlTemplate":"https:\/\/bikersdays.com\/de\/?s={search_term_string}"},"query-input":{"@type":"PropertyValueSpecification","valueRequired":true,"valueName":"search_term_string"}}],"inLanguage":"de"},{"@type":"Person","@id":"https:\/\/bikersdays.com\/de\/#\/schema\/person\/f869f197289e6a86361c833c1d0d95b5","name":"client","image":{"@type":"ImageObject","inLanguage":"de","@id":"https:\/\/secure.gravatar.com\/avatar\/d0de661745071daff296a69510a88dd6ff40167a4a7f4158f09a3680fab567f6?s=96&d=mm&r=g","url":"https:\/\/secure.gravatar.com\/avatar\/d0de661745071daff296a69510a88dd6ff40167a4a7f4158f09a3680fab567f6?s=96&d=mm&r=g","contentUrl":"https:\/\/secure.gravatar.com\/avatar\/d0de661745071daff296a69510a88dd6ff40167a4a7f4158f09a3680fab567f6?s=96&d=mm&r=g","caption":"client"}}]}},"_links":{"self":[{"href":"https:\/\/bikersdays.com\/de\/wp-json\/wp\/v2\/posts\/13086","targetHints":{"allow":["GET"]}}],"collection":[{"href":"https:\/\/bikersdays.com\/de\/wp-json\/wp\/v2\/posts"}],"about":[{"href":"https:\/\/bikersdays.com\/de\/wp-json\/wp\/v2\/types\/post"}],"author":[{"embeddable":true,"href":"https:\/\/bikersdays.com\/de\/wp-json\/wp\/v2\/users\/2"}],"replies":[{"embeddable":true,"href":"https:\/\/bikersdays.com\/de\/wp-json\/wp\/v2\/comments?post=13086"}],"version-history":[{"count":0,"href":"https:\/\/bikersdays.com\/de\/wp-json\/wp\/v2\/posts\/13086\/revisions"}],"wp:featuredmedia":[{"embeddable":true,"href":"https:\/\/bikersdays.com\/de\/wp-json\/wp\/v2\/media\/12691"}],"wp:attachment":[{"href":"https:\/\/bikersdays.com\/de\/wp-json\/wp\/v2\/media?parent=13086"}],"wp:term":[{"taxonomy":"category","embeddable":true,"href":"https:\/\/bikersdays.com\/de\/wp-json\/wp\/v2\/categories?post=13086"},{"taxonomy":"post_tag","embeddable":true,"href":"https:\/\/bikersdays.com\/de\/wp-json\/wp\/v2\/tags?post=13086"}],"curies":[{"name":"wp","href":"https:\/\/api.w.org\/{rel}","templated":true}]}}