{"id":13094,"date":"2024-09-25T09:53:07","date_gmt":"2024-09-25T07:53:07","guid":{"rendered":"https:\/\/bikersdays.com\/le-circuit-ricardo-tormo-de-valencia-pour-conclure-lannee-en-beaute\/"},"modified":"2024-09-25T09:57:43","modified_gmt":"2024-09-25T07:57:43","slug":"le-circuit-ricardo-tormo-de-valencia-pour-conclure-lannee-en-beaute","status":"publish","type":"post","link":"https:\/\/bikersdays.com\/de\/le-circuit-ricardo-tormo-de-valencia-pour-conclure-lannee-en-beaute\/","title":{"rendered":"Der Ricardo Tormo Circuit in Valencia als kr\u00f6nender Abschluss des Jahres!"},"content":{"rendered":"\n<p>Eine Saison der Bikers&#8217;Days bei DG Sport bedeutet unz\u00e4hlige Fahrten auf den renommiertesten Rennstrecken der Motorradszene und vor allem unausl\u00f6schliche Erinnerungen, die die Fans des Fahrens den ganzen Winter \u00fcber begleiten.&nbsp;Um das Jahr mit einem H\u00f6hepunkt abzuschlie\u00dfen, hat der Veranstalter aus Theux die Tradition, den Kurs in Richtung S\u00fcden zu setzen! So wird am Montag, den 14., Dienstag, den 15. und Mittwoch, den 16. Oktober der Ricardo Tormo Circuit in Valencia, im S\u00fcdosten Spaniens, den idealen Rahmen f\u00fcr das letzte Treffen des Jahres bilden&#8230;&nbsp;<\/p>\n\n\n\n<p>Auf den Spuren der MotoGP-Stars k\u00f6nnen Biker drei Tage lang ohne jegliche L\u00e4rmbeschr\u00e4nkung fahren. In homogenen Gruppen &#8211; Freizeit, schnell, sehr schnell, Experte &#8211; k\u00f6nnen sich alle wohlf\u00fchlen. Eine einmalige Gelegenheit, die Strecke zu befahren, auf der einen Monat sp\u00e4ter die Weltstars der MotoGP beim Gran Premio de la Comunitat Valenciana antreten werden!<\/p>\n\n\n\n<p>Um die Saison in aller Ruhe ausklingen zu lassen, bietet DG Sport an, Ihr Motorrad mit einem Satz Reifen oder Felgen, zwei St\u00e4ndern, einem Kanister, einem Werkzeugkoffer und einer Sporttasche mit Ihrer Ausr\u00fcstung von seinen Einrichtungen in Theux und zur\u00fcck zu transportieren! Vor Ort ist auch ein Platz in einer Box vorgesehen, die w\u00e4hrend der drei Tage gemeinsam genutzt wird. Das Ganze kostet 380 Euro (inkl. MwSt.), der Preis f\u00fcr eine garantierte Ruhe!<\/p>\n\n\n\n<p>Kein Zweifel, es ist eine letzte, einfach unumg\u00e4ngliche Etappe der Bikers&#8217;Days 2024, die DG Sport Ihnen anbietet. Mit einem Cocktail aus Geschwindigkeit, Leidenschaft und Geselligkeit, und das alles unter der Sonne Spaniens!&nbsp;<\/p>\n\n\n\n<p>Infos &amp; Anmeldungen:&nbsp;<a href=\"http:\/\/www.bikersdays.com\/\">www.bikersdays.com<\/a>&nbsp;&nbsp;<\/p>\n\n\n\n<p><\/p>\n\n\n\n<p><\/p>\n","protected":false},"excerpt":{"rendered":"<p>Eine Saison der Bikers&#8217;Days bei DG Sport bedeutet unz\u00e4hlige Fahrten auf den renommiertesten Rennstrecken der Motorradszene und vor allem unausl\u00f6schliche [&hellip;]<\/p>\n","protected":false},"author":2,"featured_media":9536,"comment_status":"closed","ping_status":"open","sticky":false,"template":"","format":"standard","meta":{"_acf_changed":false,"footnotes":""},"categories":[104],"tags":[],"class_list":["post-13094","post","type-post","status-publish","format-standard","has-post-thumbnail","hentry","category-2024-de"],"acf":{"vhrs":false,"show_group":false},"yoast_head":"<!-- This site is optimized with the Yoast SEO plugin v27.4 - https:\/\/yoast.com\/product\/yoast-seo-wordpress\/ -->\n<title>Der Ricardo Tormo Circuit in Valencia als kr\u00f6nender Abschluss des Jahres! - Bikers&#039; Days<\/title>\n<meta name=\"robots\" content=\"index, follow, max-snippet:-1, max-image-preview:large, max-video-preview:-1\" \/>\n<link rel=\"canonical\" href=\"https:\/\/bikersdays.com\/de\/le-circuit-ricardo-tormo-de-valencia-pour-conclure-lannee-en-beaute\/\" \/>\n<meta property=\"og:locale\" content=\"de_DE\" \/>\n<meta property=\"og:type\" content=\"article\" \/>\n<meta property=\"og:title\" content=\"Der Ricardo Tormo Circuit in Valencia als kr\u00f6nender Abschluss des Jahres! - Bikers&#039; Days\" \/>\n<meta property=\"og:description\" content=\"Eine Saison der Bikers&#8217;Days bei DG Sport bedeutet unz\u00e4hlige Fahrten auf den renommiertesten Rennstrecken der Motorradszene und vor allem unausl\u00f6schliche [&hellip;]\" \/>\n<meta property=\"og:url\" content=\"https:\/\/bikersdays.com\/de\/le-circuit-ricardo-tormo-de-valencia-pour-conclure-lannee-en-beaute\/\" \/>\n<meta property=\"og:site_name\" content=\"Bikers&#039; Days\" \/>\n<meta property=\"article:published_time\" content=\"2024-09-25T07:53:07+00:00\" \/>\n<meta property=\"article:modified_time\" content=\"2024-09-25T07:57:43+00:00\" \/>\n<meta property=\"og:image\" content=\"https:\/\/bikersdays.com\/wp-content\/uploads\/sites\/6\/01806284_0-copia.jpg\" \/>\n\t<meta property=\"og:image:width\" content=\"1919\" \/>\n\t<meta property=\"og:image:height\" content=\"1279\" \/>\n\t<meta property=\"og:image:type\" content=\"image\/jpeg\" \/>\n<meta name=\"author\" content=\"client\" \/>\n<meta name=\"twitter:card\" content=\"summary_large_image\" \/>\n<meta name=\"twitter:label1\" content=\"Verfasst von\" \/>\n\t<meta name=\"twitter:data1\" content=\"client\" \/>\n\t<meta name=\"twitter:label2\" content=\"Gesch\u00e4tzte Lesezeit\" \/>\n\t<meta name=\"twitter:data2\" content=\"1\u00a0Minute\" \/>\n<script type=\"application\/ld+json\" class=\"yoast-schema-graph\">{\"@context\":\"https:\\\/\\\/schema.org\",\"@graph\":[{\"@type\":\"Article\",\"@id\":\"https:\\\/\\\/bikersdays.com\\\/de\\\/le-circuit-ricardo-tormo-de-valencia-pour-conclure-lannee-en-beaute\\\/#article\",\"isPartOf\":{\"@id\":\"https:\\\/\\\/bikersdays.com\\\/de\\\/le-circuit-ricardo-tormo-de-valencia-pour-conclure-lannee-en-beaute\\\/\"},\"author\":{\"name\":\"client\",\"@id\":\"https:\\\/\\\/bikersdays.com\\\/de\\\/#\\\/schema\\\/person\\\/f869f197289e6a86361c833c1d0d95b5\"},\"headline\":\"Der Ricardo Tormo Circuit in Valencia als kr\u00f6nender Abschluss des Jahres!\",\"datePublished\":\"2024-09-25T07:53:07+00:00\",\"dateModified\":\"2024-09-25T07:57:43+00:00\",\"mainEntityOfPage\":{\"@id\":\"https:\\\/\\\/bikersdays.com\\\/de\\\/le-circuit-ricardo-tormo-de-valencia-pour-conclure-lannee-en-beaute\\\/\"},\"wordCount\":283,\"image\":{\"@id\":\"https:\\\/\\\/bikersdays.com\\\/de\\\/le-circuit-ricardo-tormo-de-valencia-pour-conclure-lannee-en-beaute\\\/#primaryimage\"},\"thumbnailUrl\":\"https:\\\/\\\/bikersdays.com\\\/wp-content\\\/uploads\\\/sites\\\/6\\\/01806284_0-copia.jpg\",\"articleSection\":[\"2024\"],\"inLanguage\":\"de\"},{\"@type\":\"WebPage\",\"@id\":\"https:\\\/\\\/bikersdays.com\\\/de\\\/le-circuit-ricardo-tormo-de-valencia-pour-conclure-lannee-en-beaute\\\/\",\"url\":\"https:\\\/\\\/bikersdays.com\\\/de\\\/le-circuit-ricardo-tormo-de-valencia-pour-conclure-lannee-en-beaute\\\/\",\"name\":\"Der Ricardo Tormo Circuit in Valencia als kr\u00f6nender Abschluss des Jahres! - Bikers&#039; Days\",\"isPartOf\":{\"@id\":\"https:\\\/\\\/bikersdays.com\\\/de\\\/#website\"},\"primaryImageOfPage\":{\"@id\":\"https:\\\/\\\/bikersdays.com\\\/de\\\/le-circuit-ricardo-tormo-de-valencia-pour-conclure-lannee-en-beaute\\\/#primaryimage\"},\"image\":{\"@id\":\"https:\\\/\\\/bikersdays.com\\\/de\\\/le-circuit-ricardo-tormo-de-valencia-pour-conclure-lannee-en-beaute\\\/#primaryimage\"},\"thumbnailUrl\":\"https:\\\/\\\/bikersdays.com\\\/wp-content\\\/uploads\\\/sites\\\/6\\\/01806284_0-copia.jpg\",\"datePublished\":\"2024-09-25T07:53:07+00:00\",\"dateModified\":\"2024-09-25T07:57:43+00:00\",\"author\":{\"@id\":\"https:\\\/\\\/bikersdays.com\\\/de\\\/#\\\/schema\\\/person\\\/f869f197289e6a86361c833c1d0d95b5\"},\"breadcrumb\":{\"@id\":\"https:\\\/\\\/bikersdays.com\\\/de\\\/le-circuit-ricardo-tormo-de-valencia-pour-conclure-lannee-en-beaute\\\/#breadcrumb\"},\"inLanguage\":\"de\",\"potentialAction\":[{\"@type\":\"ReadAction\",\"target\":[\"https:\\\/\\\/bikersdays.com\\\/de\\\/le-circuit-ricardo-tormo-de-valencia-pour-conclure-lannee-en-beaute\\\/\"]}]},{\"@type\":\"ImageObject\",\"inLanguage\":\"de\",\"@id\":\"https:\\\/\\\/bikersdays.com\\\/de\\\/le-circuit-ricardo-tormo-de-valencia-pour-conclure-lannee-en-beaute\\\/#primaryimage\",\"url\":\"https:\\\/\\\/bikersdays.com\\\/wp-content\\\/uploads\\\/sites\\\/6\\\/01806284_0-copia.jpg\",\"contentUrl\":\"https:\\\/\\\/bikersdays.com\\\/wp-content\\\/uploads\\\/sites\\\/6\\\/01806284_0-copia.jpg\",\"width\":1919,\"height\":1279},{\"@type\":\"BreadcrumbList\",\"@id\":\"https:\\\/\\\/bikersdays.com\\\/de\\\/le-circuit-ricardo-tormo-de-valencia-pour-conclure-lannee-en-beaute\\\/#breadcrumb\",\"itemListElement\":[{\"@type\":\"ListItem\",\"position\":1,\"name\":\"Accueil\",\"item\":\"https:\\\/\\\/bikersdays.com\\\/de\\\/\"},{\"@type\":\"ListItem\",\"position\":2,\"name\":\"Der Ricardo Tormo Circuit in Valencia als kr\u00f6nender Abschluss des Jahres!\"}]},{\"@type\":\"WebSite\",\"@id\":\"https:\\\/\\\/bikersdays.com\\\/de\\\/#website\",\"url\":\"https:\\\/\\\/bikersdays.com\\\/de\\\/\",\"name\":\"Bikers&#039; Days\",\"description\":\"\",\"potentialAction\":[{\"@type\":\"SearchAction\",\"target\":{\"@type\":\"EntryPoint\",\"urlTemplate\":\"https:\\\/\\\/bikersdays.com\\\/de\\\/?s={search_term_string}\"},\"query-input\":{\"@type\":\"PropertyValueSpecification\",\"valueRequired\":true,\"valueName\":\"search_term_string\"}}],\"inLanguage\":\"de\"},{\"@type\":\"Person\",\"@id\":\"https:\\\/\\\/bikersdays.com\\\/de\\\/#\\\/schema\\\/person\\\/f869f197289e6a86361c833c1d0d95b5\",\"name\":\"client\",\"image\":{\"@type\":\"ImageObject\",\"inLanguage\":\"de\",\"@id\":\"https:\\\/\\\/secure.gravatar.com\\\/avatar\\\/d0de661745071daff296a69510a88dd6ff40167a4a7f4158f09a3680fab567f6?s=96&d=mm&r=g\",\"url\":\"https:\\\/\\\/secure.gravatar.com\\\/avatar\\\/d0de661745071daff296a69510a88dd6ff40167a4a7f4158f09a3680fab567f6?s=96&d=mm&r=g\",\"contentUrl\":\"https:\\\/\\\/secure.gravatar.com\\\/avatar\\\/d0de661745071daff296a69510a88dd6ff40167a4a7f4158f09a3680fab567f6?s=96&d=mm&r=g\",\"caption\":\"client\"}}]}<\/script>\n<!-- \/ Yoast SEO plugin. -->","yoast_head_json":{"title":"Der Ricardo Tormo Circuit in Valencia als kr\u00f6nender Abschluss des Jahres! - Bikers&#039; Days","robots":{"index":"index","follow":"follow","max-snippet":"max-snippet:-1","max-image-preview":"max-image-preview:large","max-video-preview":"max-video-preview:-1"},"canonical":"https:\/\/bikersdays.com\/de\/le-circuit-ricardo-tormo-de-valencia-pour-conclure-lannee-en-beaute\/","og_locale":"de_DE","og_type":"article","og_title":"Der Ricardo Tormo Circuit in Valencia als kr\u00f6nender Abschluss des Jahres! - Bikers&#039; Days","og_description":"Eine Saison der Bikers&#8217;Days bei DG Sport bedeutet unz\u00e4hlige Fahrten auf den renommiertesten Rennstrecken der Motorradszene und vor allem unausl\u00f6schliche [&hellip;]","og_url":"https:\/\/bikersdays.com\/de\/le-circuit-ricardo-tormo-de-valencia-pour-conclure-lannee-en-beaute\/","og_site_name":"Bikers&#039; Days","article_published_time":"2024-09-25T07:53:07+00:00","article_modified_time":"2024-09-25T07:57:43+00:00","og_image":[{"width":1919,"height":1279,"url":"https:\/\/bikersdays.com\/wp-content\/uploads\/sites\/6\/01806284_0-copia.jpg","type":"image\/jpeg"}],"author":"client","twitter_card":"summary_large_image","twitter_misc":{"Verfasst von":"client","Gesch\u00e4tzte Lesezeit":"1\u00a0Minute"},"schema":{"@context":"https:\/\/schema.org","@graph":[{"@type":"Article","@id":"https:\/\/bikersdays.com\/de\/le-circuit-ricardo-tormo-de-valencia-pour-conclure-lannee-en-beaute\/#article","isPartOf":{"@id":"https:\/\/bikersdays.com\/de\/le-circuit-ricardo-tormo-de-valencia-pour-conclure-lannee-en-beaute\/"},"author":{"name":"client","@id":"https:\/\/bikersdays.com\/de\/#\/schema\/person\/f869f197289e6a86361c833c1d0d95b5"},"headline":"Der Ricardo Tormo Circuit in Valencia als kr\u00f6nender Abschluss des Jahres!","datePublished":"2024-09-25T07:53:07+00:00","dateModified":"2024-09-25T07:57:43+00:00","mainEntityOfPage":{"@id":"https:\/\/bikersdays.com\/de\/le-circuit-ricardo-tormo-de-valencia-pour-conclure-lannee-en-beaute\/"},"wordCount":283,"image":{"@id":"https:\/\/bikersdays.com\/de\/le-circuit-ricardo-tormo-de-valencia-pour-conclure-lannee-en-beaute\/#primaryimage"},"thumbnailUrl":"https:\/\/bikersdays.com\/wp-content\/uploads\/sites\/6\/01806284_0-copia.jpg","articleSection":["2024"],"inLanguage":"de"},{"@type":"WebPage","@id":"https:\/\/bikersdays.com\/de\/le-circuit-ricardo-tormo-de-valencia-pour-conclure-lannee-en-beaute\/","url":"https:\/\/bikersdays.com\/de\/le-circuit-ricardo-tormo-de-valencia-pour-conclure-lannee-en-beaute\/","name":"Der Ricardo Tormo Circuit in Valencia als kr\u00f6nender Abschluss des Jahres! - Bikers&#039; Days","isPartOf":{"@id":"https:\/\/bikersdays.com\/de\/#website"},"primaryImageOfPage":{"@id":"https:\/\/bikersdays.com\/de\/le-circuit-ricardo-tormo-de-valencia-pour-conclure-lannee-en-beaute\/#primaryimage"},"image":{"@id":"https:\/\/bikersdays.com\/de\/le-circuit-ricardo-tormo-de-valencia-pour-conclure-lannee-en-beaute\/#primaryimage"},"thumbnailUrl":"https:\/\/bikersdays.com\/wp-content\/uploads\/sites\/6\/01806284_0-copia.jpg","datePublished":"2024-09-25T07:53:07+00:00","dateModified":"2024-09-25T07:57:43+00:00","author":{"@id":"https:\/\/bikersdays.com\/de\/#\/schema\/person\/f869f197289e6a86361c833c1d0d95b5"},"breadcrumb":{"@id":"https:\/\/bikersdays.com\/de\/le-circuit-ricardo-tormo-de-valencia-pour-conclure-lannee-en-beaute\/#breadcrumb"},"inLanguage":"de","potentialAction":[{"@type":"ReadAction","target":["https:\/\/bikersdays.com\/de\/le-circuit-ricardo-tormo-de-valencia-pour-conclure-lannee-en-beaute\/"]}]},{"@type":"ImageObject","inLanguage":"de","@id":"https:\/\/bikersdays.com\/de\/le-circuit-ricardo-tormo-de-valencia-pour-conclure-lannee-en-beaute\/#primaryimage","url":"https:\/\/bikersdays.com\/wp-content\/uploads\/sites\/6\/01806284_0-copia.jpg","contentUrl":"https:\/\/bikersdays.com\/wp-content\/uploads\/sites\/6\/01806284_0-copia.jpg","width":1919,"height":1279},{"@type":"BreadcrumbList","@id":"https:\/\/bikersdays.com\/de\/le-circuit-ricardo-tormo-de-valencia-pour-conclure-lannee-en-beaute\/#breadcrumb","itemListElement":[{"@type":"ListItem","position":1,"name":"Accueil","item":"https:\/\/bikersdays.com\/de\/"},{"@type":"ListItem","position":2,"name":"Der Ricardo Tormo Circuit in Valencia als kr\u00f6nender Abschluss des Jahres!"}]},{"@type":"WebSite","@id":"https:\/\/bikersdays.com\/de\/#website","url":"https:\/\/bikersdays.com\/de\/","name":"Bikers&#039; Days","description":"","potentialAction":[{"@type":"SearchAction","target":{"@type":"EntryPoint","urlTemplate":"https:\/\/bikersdays.com\/de\/?s={search_term_string}"},"query-input":{"@type":"PropertyValueSpecification","valueRequired":true,"valueName":"search_term_string"}}],"inLanguage":"de"},{"@type":"Person","@id":"https:\/\/bikersdays.com\/de\/#\/schema\/person\/f869f197289e6a86361c833c1d0d95b5","name":"client","image":{"@type":"ImageObject","inLanguage":"de","@id":"https:\/\/secure.gravatar.com\/avatar\/d0de661745071daff296a69510a88dd6ff40167a4a7f4158f09a3680fab567f6?s=96&d=mm&r=g","url":"https:\/\/secure.gravatar.com\/avatar\/d0de661745071daff296a69510a88dd6ff40167a4a7f4158f09a3680fab567f6?s=96&d=mm&r=g","contentUrl":"https:\/\/secure.gravatar.com\/avatar\/d0de661745071daff296a69510a88dd6ff40167a4a7f4158f09a3680fab567f6?s=96&d=mm&r=g","caption":"client"}}]}},"_links":{"self":[{"href":"https:\/\/bikersdays.com\/de\/wp-json\/wp\/v2\/posts\/13094","targetHints":{"allow":["GET"]}}],"collection":[{"href":"https:\/\/bikersdays.com\/de\/wp-json\/wp\/v2\/posts"}],"about":[{"href":"https:\/\/bikersdays.com\/de\/wp-json\/wp\/v2\/types\/post"}],"author":[{"embeddable":true,"href":"https:\/\/bikersdays.com\/de\/wp-json\/wp\/v2\/users\/2"}],"replies":[{"embeddable":true,"href":"https:\/\/bikersdays.com\/de\/wp-json\/wp\/v2\/comments?post=13094"}],"version-history":[{"count":0,"href":"https:\/\/bikersdays.com\/de\/wp-json\/wp\/v2\/posts\/13094\/revisions"}],"wp:featuredmedia":[{"embeddable":true,"href":"https:\/\/bikersdays.com\/de\/wp-json\/wp\/v2\/media\/9536"}],"wp:attachment":[{"href":"https:\/\/bikersdays.com\/de\/wp-json\/wp\/v2\/media?parent=13094"}],"wp:term":[{"taxonomy":"category","embeddable":true,"href":"https:\/\/bikersdays.com\/de\/wp-json\/wp\/v2\/categories?post=13094"},{"taxonomy":"post_tag","embeddable":true,"href":"https:\/\/bikersdays.com\/de\/wp-json\/wp\/v2\/tags?post=13094"}],"curies":[{"name":"wp","href":"https:\/\/api.w.org\/{rel}","templated":true}]}}