{"id":2750,"date":"2022-04-12T16:12:17","date_gmt":"2022-04-12T14:12:17","guid":{"rendered":"https:\/\/bikersdays.com\/?p=2750"},"modified":"2022-04-12T16:12:19","modified_gmt":"2022-04-12T14:12:19","slug":"racing-track-days-vor-dem-hintergrund-der-24h-spa-ewc-am-17-und-18-mai","status":"publish","type":"post","link":"https:\/\/bikersdays.com\/de\/racing-track-days-vor-dem-hintergrund-der-24h-spa-ewc-am-17-und-18-mai\/","title":{"rendered":"Racing Track Days vor dem Hintergrund der 24H Spa EWC am 17. und 18.\u00a0Mai!"},"content":{"rendered":"\n<p>Dies ist definitiv die gro\u00dfe Neuigkeit des Jahres an der Front der Motorradwettbewerbe in Belgien! 2022 kehrt mit den 24H Spa EWC zur\u00fcck, die am 4. und 5. Juni stattfinden, ein internationaler Wettbewerb von sehr hohem Niveau, die World Endurance Championship, auf die Rennstrecke von Spa-Francorchamps&#8230;<\/p>\n\n\n\n<p>Als Vorbereitung auf dieses gro\u00dfe Ereignis sind f\u00fcr Dienstag, den 17. und Mittwoch, den 18. Mai zwei offizielle Testtage geplant, an denen die wichtigsten Teams der Langstrecken-Weltmeisterschaft teilnehmen werden! Und im Rahmen dieser Tage werden Racing Track Days veranstaltet, die nur den erfahrenen Riders vorbehalten sind!<\/p>\n\n\n\n<p>Florian Jupsin erkl\u00e4rt: &#8222;Konkret wird es nur eine Gruppe geben, die dreimal pro Tag eine Stunde auf die Strecke geht. Es handelt sich um Sitzungen im Open-Pitlane-Modus, bei denen es keine L\u00e4rmbeschr\u00e4nkung gibt, aber nur eine begrenzte Anzahl von Fahrern auf der Strecke ist. Was den erfahrensten Bikers&#8217;Days-Besuchern angeboten wird, ist ganz einfach, auf der sch\u00f6nsten Rennstrecke der Welt zu fahren und dabei die besten Langstreckenfahrer der Welt zu sehen!&nbsp;Wer bietet mehr?&#8220;<\/p>\n\n\n\n<p>Sind Sie interessiert? Besuchen Sie jetzt die Website www.bikersdays.com, um alle praktischen Informationen zu erhalten und nat\u00fcrlich sich anzumelden. Da es nicht genug Pl\u00e4tze f\u00fcr alle gibt, sollten Sie nicht zu lange warten&#8230;<\/p>\n\n\n\n<p>Indem DG Sport diese Racing Track Days in einem noch prestigetr\u00e4chtigeren Rahmen als je zuvor veranstaltet, beweist das Unternehmen einmal mehr, dass es in unserem Land eine feste Gr\u00f6\u00dfe im Bereich des Motorradsports auf der Rennstrecke ist. See you in Spa!<\/p>\n","protected":false},"excerpt":{"rendered":"<p>Dies ist definitiv die gro\u00dfe Neuigkeit des Jahres an der Front der Motorradwettbewerbe in Belgien! 2022 kehrt mit den 24H [&hellip;]<\/p>\n","protected":false},"author":2,"featured_media":2744,"comment_status":"closed","ping_status":"open","sticky":false,"template":"","format":"standard","meta":{"_acf_changed":false,"footnotes":""},"categories":[23],"tags":[],"class_list":["post-2750","post","type-post","status-publish","format-standard","has-post-thumbnail","hentry","category-kalender-2"],"acf":{"show_group":false},"yoast_head":"<!-- This site is optimized with the Yoast SEO plugin v27.5 - https:\/\/yoast.com\/product\/yoast-seo-wordpress\/ -->\n<title>Racing Track Days vor dem Hintergrund der 24H Spa EWC am 17. und 18.\u00a0Mai! - Bikers&#039; Days<\/title>\n<meta name=\"robots\" content=\"index, follow, max-snippet:-1, max-image-preview:large, max-video-preview:-1\" \/>\n<link rel=\"canonical\" href=\"https:\/\/bikersdays.com\/de\/racing-track-days-vor-dem-hintergrund-der-24h-spa-ewc-am-17-und-18-mai\/\" \/>\n<meta property=\"og:locale\" content=\"de_DE\" \/>\n<meta property=\"og:type\" content=\"article\" \/>\n<meta property=\"og:title\" content=\"Racing Track Days vor dem Hintergrund der 24H Spa EWC am 17. und 18.\u00a0Mai! - Bikers&#039; Days\" \/>\n<meta property=\"og:description\" content=\"Dies ist definitiv die gro\u00dfe Neuigkeit des Jahres an der Front der Motorradwettbewerbe in Belgien! 2022 kehrt mit den 24H [&hellip;]\" \/>\n<meta property=\"og:url\" content=\"https:\/\/bikersdays.com\/de\/racing-track-days-vor-dem-hintergrund-der-24h-spa-ewc-am-17-und-18-mai\/\" \/>\n<meta property=\"og:site_name\" content=\"Bikers&#039; Days\" \/>\n<meta property=\"article:published_time\" content=\"2022-04-12T14:12:17+00:00\" \/>\n<meta property=\"article:modified_time\" content=\"2022-04-12T14:12:19+00:00\" \/>\n<meta property=\"og:image\" content=\"https:\/\/bikersdays.com\/wp-content\/uploads\/sites\/6\/8d345a55-9c0b-8423-e7d0-aac56f426212.jpg\" \/>\n\t<meta property=\"og:image:width\" content=\"1200\" \/>\n\t<meta property=\"og:image:height\" content=\"800\" \/>\n\t<meta property=\"og:image:type\" content=\"image\/jpeg\" \/>\n<meta name=\"author\" content=\"client\" \/>\n<meta name=\"twitter:card\" content=\"summary_large_image\" \/>\n<meta name=\"twitter:label1\" content=\"Verfasst von\" \/>\n\t<meta name=\"twitter:data1\" content=\"client\" \/>\n\t<meta name=\"twitter:label2\" content=\"Gesch\u00e4tzte Lesezeit\" \/>\n\t<meta name=\"twitter:data2\" content=\"2\u00a0Minuten\" \/>\n<script type=\"application\/ld+json\" class=\"yoast-schema-graph\">{\"@context\":\"https:\\\/\\\/schema.org\",\"@graph\":[{\"@type\":\"Article\",\"@id\":\"https:\\\/\\\/bikersdays.com\\\/de\\\/racing-track-days-vor-dem-hintergrund-der-24h-spa-ewc-am-17-und-18-mai\\\/#article\",\"isPartOf\":{\"@id\":\"https:\\\/\\\/bikersdays.com\\\/de\\\/racing-track-days-vor-dem-hintergrund-der-24h-spa-ewc-am-17-und-18-mai\\\/\"},\"author\":{\"name\":\"client\",\"@id\":\"https:\\\/\\\/bikersdays.com\\\/de\\\/#\\\/schema\\\/person\\\/f869f197289e6a86361c833c1d0d95b5\"},\"headline\":\"Racing Track Days vor dem Hintergrund der 24H Spa EWC am 17. und 18.\u00a0Mai!\",\"datePublished\":\"2022-04-12T14:12:17+00:00\",\"dateModified\":\"2022-04-12T14:12:19+00:00\",\"mainEntityOfPage\":{\"@id\":\"https:\\\/\\\/bikersdays.com\\\/de\\\/racing-track-days-vor-dem-hintergrund-der-24h-spa-ewc-am-17-und-18-mai\\\/\"},\"wordCount\":264,\"image\":{\"@id\":\"https:\\\/\\\/bikersdays.com\\\/de\\\/racing-track-days-vor-dem-hintergrund-der-24h-spa-ewc-am-17-und-18-mai\\\/#primaryimage\"},\"thumbnailUrl\":\"https:\\\/\\\/bikersdays.com\\\/wp-content\\\/uploads\\\/sites\\\/6\\\/8d345a55-9c0b-8423-e7d0-aac56f426212.jpg\",\"articleSection\":[\"Kalender\"],\"inLanguage\":\"de\"},{\"@type\":\"WebPage\",\"@id\":\"https:\\\/\\\/bikersdays.com\\\/de\\\/racing-track-days-vor-dem-hintergrund-der-24h-spa-ewc-am-17-und-18-mai\\\/\",\"url\":\"https:\\\/\\\/bikersdays.com\\\/de\\\/racing-track-days-vor-dem-hintergrund-der-24h-spa-ewc-am-17-und-18-mai\\\/\",\"name\":\"Racing Track Days vor dem Hintergrund der 24H Spa EWC am 17. und 18.\u00a0Mai! - Bikers&#039; Days\",\"isPartOf\":{\"@id\":\"https:\\\/\\\/bikersdays.com\\\/de\\\/#website\"},\"primaryImageOfPage\":{\"@id\":\"https:\\\/\\\/bikersdays.com\\\/de\\\/racing-track-days-vor-dem-hintergrund-der-24h-spa-ewc-am-17-und-18-mai\\\/#primaryimage\"},\"image\":{\"@id\":\"https:\\\/\\\/bikersdays.com\\\/de\\\/racing-track-days-vor-dem-hintergrund-der-24h-spa-ewc-am-17-und-18-mai\\\/#primaryimage\"},\"thumbnailUrl\":\"https:\\\/\\\/bikersdays.com\\\/wp-content\\\/uploads\\\/sites\\\/6\\\/8d345a55-9c0b-8423-e7d0-aac56f426212.jpg\",\"datePublished\":\"2022-04-12T14:12:17+00:00\",\"dateModified\":\"2022-04-12T14:12:19+00:00\",\"author\":{\"@id\":\"https:\\\/\\\/bikersdays.com\\\/de\\\/#\\\/schema\\\/person\\\/f869f197289e6a86361c833c1d0d95b5\"},\"breadcrumb\":{\"@id\":\"https:\\\/\\\/bikersdays.com\\\/de\\\/racing-track-days-vor-dem-hintergrund-der-24h-spa-ewc-am-17-und-18-mai\\\/#breadcrumb\"},\"inLanguage\":\"de\",\"potentialAction\":[{\"@type\":\"ReadAction\",\"target\":[\"https:\\\/\\\/bikersdays.com\\\/de\\\/racing-track-days-vor-dem-hintergrund-der-24h-spa-ewc-am-17-und-18-mai\\\/\"]}]},{\"@type\":\"ImageObject\",\"inLanguage\":\"de\",\"@id\":\"https:\\\/\\\/bikersdays.com\\\/de\\\/racing-track-days-vor-dem-hintergrund-der-24h-spa-ewc-am-17-und-18-mai\\\/#primaryimage\",\"url\":\"https:\\\/\\\/bikersdays.com\\\/wp-content\\\/uploads\\\/sites\\\/6\\\/8d345a55-9c0b-8423-e7d0-aac56f426212.jpg\",\"contentUrl\":\"https:\\\/\\\/bikersdays.com\\\/wp-content\\\/uploads\\\/sites\\\/6\\\/8d345a55-9c0b-8423-e7d0-aac56f426212.jpg\",\"width\":1200,\"height\":800},{\"@type\":\"BreadcrumbList\",\"@id\":\"https:\\\/\\\/bikersdays.com\\\/de\\\/racing-track-days-vor-dem-hintergrund-der-24h-spa-ewc-am-17-und-18-mai\\\/#breadcrumb\",\"itemListElement\":[{\"@type\":\"ListItem\",\"position\":1,\"name\":\"Accueil\",\"item\":\"https:\\\/\\\/bikersdays.com\\\/de\\\/\"},{\"@type\":\"ListItem\",\"position\":2,\"name\":\"Racing Track Days vor dem Hintergrund der 24H Spa EWC am 17. und 18.\u00a0Mai!\"}]},{\"@type\":\"WebSite\",\"@id\":\"https:\\\/\\\/bikersdays.com\\\/de\\\/#website\",\"url\":\"https:\\\/\\\/bikersdays.com\\\/de\\\/\",\"name\":\"Bikers&#039; Days\",\"description\":\"\",\"potentialAction\":[{\"@type\":\"SearchAction\",\"target\":{\"@type\":\"EntryPoint\",\"urlTemplate\":\"https:\\\/\\\/bikersdays.com\\\/de\\\/?s={search_term_string}\"},\"query-input\":{\"@type\":\"PropertyValueSpecification\",\"valueRequired\":true,\"valueName\":\"search_term_string\"}}],\"inLanguage\":\"de\"},{\"@type\":\"Person\",\"@id\":\"https:\\\/\\\/bikersdays.com\\\/de\\\/#\\\/schema\\\/person\\\/f869f197289e6a86361c833c1d0d95b5\",\"name\":\"client\",\"image\":{\"@type\":\"ImageObject\",\"inLanguage\":\"de\",\"@id\":\"https:\\\/\\\/secure.gravatar.com\\\/avatar\\\/d0de661745071daff296a69510a88dd6ff40167a4a7f4158f09a3680fab567f6?s=96&d=mm&r=g\",\"url\":\"https:\\\/\\\/secure.gravatar.com\\\/avatar\\\/d0de661745071daff296a69510a88dd6ff40167a4a7f4158f09a3680fab567f6?s=96&d=mm&r=g\",\"contentUrl\":\"https:\\\/\\\/secure.gravatar.com\\\/avatar\\\/d0de661745071daff296a69510a88dd6ff40167a4a7f4158f09a3680fab567f6?s=96&d=mm&r=g\",\"caption\":\"client\"}}]}<\/script>\n<!-- \/ Yoast SEO plugin. -->","yoast_head_json":{"title":"Racing Track Days vor dem Hintergrund der 24H Spa EWC am 17. und 18.\u00a0Mai! - Bikers&#039; Days","robots":{"index":"index","follow":"follow","max-snippet":"max-snippet:-1","max-image-preview":"max-image-preview:large","max-video-preview":"max-video-preview:-1"},"canonical":"https:\/\/bikersdays.com\/de\/racing-track-days-vor-dem-hintergrund-der-24h-spa-ewc-am-17-und-18-mai\/","og_locale":"de_DE","og_type":"article","og_title":"Racing Track Days vor dem Hintergrund der 24H Spa EWC am 17. und 18.\u00a0Mai! - Bikers&#039; Days","og_description":"Dies ist definitiv die gro\u00dfe Neuigkeit des Jahres an der Front der Motorradwettbewerbe in Belgien! 2022 kehrt mit den 24H [&hellip;]","og_url":"https:\/\/bikersdays.com\/de\/racing-track-days-vor-dem-hintergrund-der-24h-spa-ewc-am-17-und-18-mai\/","og_site_name":"Bikers&#039; Days","article_published_time":"2022-04-12T14:12:17+00:00","article_modified_time":"2022-04-12T14:12:19+00:00","og_image":[{"width":1200,"height":800,"url":"https:\/\/bikersdays.com\/wp-content\/uploads\/sites\/6\/8d345a55-9c0b-8423-e7d0-aac56f426212.jpg","type":"image\/jpeg"}],"author":"client","twitter_card":"summary_large_image","twitter_misc":{"Verfasst von":"client","Gesch\u00e4tzte Lesezeit":"2\u00a0Minuten"},"schema":{"@context":"https:\/\/schema.org","@graph":[{"@type":"Article","@id":"https:\/\/bikersdays.com\/de\/racing-track-days-vor-dem-hintergrund-der-24h-spa-ewc-am-17-und-18-mai\/#article","isPartOf":{"@id":"https:\/\/bikersdays.com\/de\/racing-track-days-vor-dem-hintergrund-der-24h-spa-ewc-am-17-und-18-mai\/"},"author":{"name":"client","@id":"https:\/\/bikersdays.com\/de\/#\/schema\/person\/f869f197289e6a86361c833c1d0d95b5"},"headline":"Racing Track Days vor dem Hintergrund der 24H Spa EWC am 17. und 18.\u00a0Mai!","datePublished":"2022-04-12T14:12:17+00:00","dateModified":"2022-04-12T14:12:19+00:00","mainEntityOfPage":{"@id":"https:\/\/bikersdays.com\/de\/racing-track-days-vor-dem-hintergrund-der-24h-spa-ewc-am-17-und-18-mai\/"},"wordCount":264,"image":{"@id":"https:\/\/bikersdays.com\/de\/racing-track-days-vor-dem-hintergrund-der-24h-spa-ewc-am-17-und-18-mai\/#primaryimage"},"thumbnailUrl":"https:\/\/bikersdays.com\/wp-content\/uploads\/sites\/6\/8d345a55-9c0b-8423-e7d0-aac56f426212.jpg","articleSection":["Kalender"],"inLanguage":"de"},{"@type":"WebPage","@id":"https:\/\/bikersdays.com\/de\/racing-track-days-vor-dem-hintergrund-der-24h-spa-ewc-am-17-und-18-mai\/","url":"https:\/\/bikersdays.com\/de\/racing-track-days-vor-dem-hintergrund-der-24h-spa-ewc-am-17-und-18-mai\/","name":"Racing Track Days vor dem Hintergrund der 24H Spa EWC am 17. und 18.\u00a0Mai! - Bikers&#039; Days","isPartOf":{"@id":"https:\/\/bikersdays.com\/de\/#website"},"primaryImageOfPage":{"@id":"https:\/\/bikersdays.com\/de\/racing-track-days-vor-dem-hintergrund-der-24h-spa-ewc-am-17-und-18-mai\/#primaryimage"},"image":{"@id":"https:\/\/bikersdays.com\/de\/racing-track-days-vor-dem-hintergrund-der-24h-spa-ewc-am-17-und-18-mai\/#primaryimage"},"thumbnailUrl":"https:\/\/bikersdays.com\/wp-content\/uploads\/sites\/6\/8d345a55-9c0b-8423-e7d0-aac56f426212.jpg","datePublished":"2022-04-12T14:12:17+00:00","dateModified":"2022-04-12T14:12:19+00:00","author":{"@id":"https:\/\/bikersdays.com\/de\/#\/schema\/person\/f869f197289e6a86361c833c1d0d95b5"},"breadcrumb":{"@id":"https:\/\/bikersdays.com\/de\/racing-track-days-vor-dem-hintergrund-der-24h-spa-ewc-am-17-und-18-mai\/#breadcrumb"},"inLanguage":"de","potentialAction":[{"@type":"ReadAction","target":["https:\/\/bikersdays.com\/de\/racing-track-days-vor-dem-hintergrund-der-24h-spa-ewc-am-17-und-18-mai\/"]}]},{"@type":"ImageObject","inLanguage":"de","@id":"https:\/\/bikersdays.com\/de\/racing-track-days-vor-dem-hintergrund-der-24h-spa-ewc-am-17-und-18-mai\/#primaryimage","url":"https:\/\/bikersdays.com\/wp-content\/uploads\/sites\/6\/8d345a55-9c0b-8423-e7d0-aac56f426212.jpg","contentUrl":"https:\/\/bikersdays.com\/wp-content\/uploads\/sites\/6\/8d345a55-9c0b-8423-e7d0-aac56f426212.jpg","width":1200,"height":800},{"@type":"BreadcrumbList","@id":"https:\/\/bikersdays.com\/de\/racing-track-days-vor-dem-hintergrund-der-24h-spa-ewc-am-17-und-18-mai\/#breadcrumb","itemListElement":[{"@type":"ListItem","position":1,"name":"Accueil","item":"https:\/\/bikersdays.com\/de\/"},{"@type":"ListItem","position":2,"name":"Racing Track Days vor dem Hintergrund der 24H Spa EWC am 17. und 18.\u00a0Mai!"}]},{"@type":"WebSite","@id":"https:\/\/bikersdays.com\/de\/#website","url":"https:\/\/bikersdays.com\/de\/","name":"Bikers&#039; Days","description":"","potentialAction":[{"@type":"SearchAction","target":{"@type":"EntryPoint","urlTemplate":"https:\/\/bikersdays.com\/de\/?s={search_term_string}"},"query-input":{"@type":"PropertyValueSpecification","valueRequired":true,"valueName":"search_term_string"}}],"inLanguage":"de"},{"@type":"Person","@id":"https:\/\/bikersdays.com\/de\/#\/schema\/person\/f869f197289e6a86361c833c1d0d95b5","name":"client","image":{"@type":"ImageObject","inLanguage":"de","@id":"https:\/\/secure.gravatar.com\/avatar\/d0de661745071daff296a69510a88dd6ff40167a4a7f4158f09a3680fab567f6?s=96&d=mm&r=g","url":"https:\/\/secure.gravatar.com\/avatar\/d0de661745071daff296a69510a88dd6ff40167a4a7f4158f09a3680fab567f6?s=96&d=mm&r=g","contentUrl":"https:\/\/secure.gravatar.com\/avatar\/d0de661745071daff296a69510a88dd6ff40167a4a7f4158f09a3680fab567f6?s=96&d=mm&r=g","caption":"client"}}]}},"_links":{"self":[{"href":"https:\/\/bikersdays.com\/de\/wp-json\/wp\/v2\/posts\/2750","targetHints":{"allow":["GET"]}}],"collection":[{"href":"https:\/\/bikersdays.com\/de\/wp-json\/wp\/v2\/posts"}],"about":[{"href":"https:\/\/bikersdays.com\/de\/wp-json\/wp\/v2\/types\/post"}],"author":[{"embeddable":true,"href":"https:\/\/bikersdays.com\/de\/wp-json\/wp\/v2\/users\/2"}],"replies":[{"embeddable":true,"href":"https:\/\/bikersdays.com\/de\/wp-json\/wp\/v2\/comments?post=2750"}],"version-history":[{"count":0,"href":"https:\/\/bikersdays.com\/de\/wp-json\/wp\/v2\/posts\/2750\/revisions"}],"wp:featuredmedia":[{"embeddable":true,"href":"https:\/\/bikersdays.com\/de\/wp-json\/wp\/v2\/media\/2744"}],"wp:attachment":[{"href":"https:\/\/bikersdays.com\/de\/wp-json\/wp\/v2\/media?parent=2750"}],"wp:term":[{"taxonomy":"category","embeddable":true,"href":"https:\/\/bikersdays.com\/de\/wp-json\/wp\/v2\/categories?post=2750"},{"taxonomy":"post_tag","embeddable":true,"href":"https:\/\/bikersdays.com\/de\/wp-json\/wp\/v2\/tags?post=2750"}],"curies":[{"name":"wp","href":"https:\/\/api.w.org\/{rel}","templated":true}]}}