{"id":6192,"date":"2022-12-01T14:15:00","date_gmt":"2022-12-01T13:15:00","guid":{"rendered":"https:\/\/bikersdays.com\/?p=6192"},"modified":"2022-12-12T14:15:53","modified_gmt":"2022-12-12T13:15:53","slug":"2023-startschuss-auf-der-rennstrecke-von-barcelona-catalunya","status":"publish","type":"post","link":"https:\/\/bikersdays.com\/de\/2023-startschuss-auf-der-rennstrecke-von-barcelona-catalunya\/","title":{"rendered":"2023 Startschuss auf der Rennstrecke von Barcelona-Catalunya"},"content":{"rendered":"\n<p>Eine tolle Tradition bei DG Sport, Ende M\u00e4rz, wenn sich der Fr\u00fchling in Belgien oft nur z\u00f6gerlich zeigt, stiftet der Veranstalter der Bikers&#8217;Days die Zweiradfans an, ihre Motorr\u00e4der wieder aus den Garagen zu holen. Ziel: Katalonien!<\/p>\n\n\n\n<p>Auch 2023 werden die Bikers&#8217;Days wieder auf der wundersch\u00f6nen Strecke von Barcelona-Catalunya stattfinden! Auf dem Programm stehen drei Fahrtage auf der Strecke, die jedes Jahr als Kulisse f\u00fcr die Gran Premi de Catalunya in der MotoGP dient. Die 4675 Meter lange Strecke befindet sich in Montmelo, nur wenige Kilometer von Barcelona entfernt.<\/p>\n\n\n\n<p>Am Montag, den 27., Dienstag, den 28. und Mittwoch, den 29. M\u00e4rz k\u00f6nnen sich die Freunde des Nervenkitzels unter den besten Sicherheitsbedingungen austoben. &#8222;<em>Da man eine Formel, die gef\u00e4llt, nicht \u00e4ndert, k\u00f6nnen die Teilnehmer dieser ersten Bikers&#8217;Days des Jahres auf die grundlegenden Dienstleistungen z\u00e4hlen, darunter die offizielle Anwesenheit von Dunlop, um die Maschinen bestm\u00f6glich auszustatten. Wer die Herausforderung liebt, kann beruhigt sein: Ein Chrono Fun steht ebenso auf dem Programm sowie eine Happy Hour<\/em>, erkl\u00e4rt Florian Jupsin.&nbsp;<em>Kurzum, alle Zutaten, um das Jahr mit Kraft in Angriff zu nehmen. Und dies in einer Region, die zwangsl\u00e4ufig die Lust weckt, die Fahrten mit einer guten Dosis Tourismus zu verbinden&#8230;&#8220;.<\/em><\/p>\n\n\n\n<p>Besuchen Sie die offizielle Website der Bikers&#8217;Days, um sich \u00fcber die Bedingungen zu informieren und Ihre Teilnahme ab den ersten Radumdrehungen der neuen Saison offiziell zu machen.<\/p>\n\n\n\n<p>Wenn die Weihnachtszeit vor der T\u00fcr steht, ist dies \u00fcbrigens eine tolle Geschenkidee&#8230;<\/p>\n","protected":false},"excerpt":{"rendered":"<p>Eine tolle Tradition bei DG Sport, Ende M\u00e4rz, wenn sich der Fr\u00fchling in Belgien oft nur z\u00f6gerlich zeigt, stiftet der [&hellip;]<\/p>\n","protected":false},"author":2,"featured_media":461,"comment_status":"closed","ping_status":"open","sticky":false,"template":"","format":"standard","meta":{"_acf_changed":false,"footnotes":""},"categories":[23,3],"tags":[],"class_list":["post-6192","post","type-post","status-publish","format-standard","has-post-thumbnail","hentry","category-kalender-2","category-unkategorisiert"],"acf":{"show_group":false},"yoast_head":"<!-- This site is optimized with the Yoast SEO plugin v27.5 - https:\/\/yoast.com\/product\/yoast-seo-wordpress\/ -->\n<title>2023 Startschuss auf der Rennstrecke von Barcelona-Catalunya - Bikers&#039; Days<\/title>\n<meta name=\"robots\" content=\"index, follow, max-snippet:-1, max-image-preview:large, max-video-preview:-1\" \/>\n<link rel=\"canonical\" href=\"https:\/\/bikersdays.com\/de\/2023-startschuss-auf-der-rennstrecke-von-barcelona-catalunya\/\" \/>\n<meta property=\"og:locale\" content=\"de_DE\" \/>\n<meta property=\"og:type\" content=\"article\" \/>\n<meta property=\"og:title\" content=\"2023 Startschuss auf der Rennstrecke von Barcelona-Catalunya - Bikers&#039; Days\" \/>\n<meta property=\"og:description\" content=\"Eine tolle Tradition bei DG Sport, Ende M\u00e4rz, wenn sich der Fr\u00fchling in Belgien oft nur z\u00f6gerlich zeigt, stiftet der [&hellip;]\" \/>\n<meta property=\"og:url\" content=\"https:\/\/bikersdays.com\/de\/2023-startschuss-auf-der-rennstrecke-von-barcelona-catalunya\/\" \/>\n<meta property=\"og:site_name\" content=\"Bikers&#039; Days\" \/>\n<meta property=\"article:published_time\" content=\"2022-12-01T13:15:00+00:00\" \/>\n<meta property=\"article:modified_time\" content=\"2022-12-12T13:15:53+00:00\" \/>\n<meta property=\"og:image\" content=\"https:\/\/bikersdays.com\/wp-content\/uploads\/sites\/6\/29352238_10156449729803783_2219323772602474814_o.jpg\" \/>\n\t<meta property=\"og:image:width\" content=\"1848\" \/>\n\t<meta property=\"og:image:height\" content=\"1228\" \/>\n\t<meta property=\"og:image:type\" content=\"image\/jpeg\" \/>\n<meta name=\"author\" content=\"client\" \/>\n<meta name=\"twitter:card\" content=\"summary_large_image\" \/>\n<meta name=\"twitter:label1\" content=\"Verfasst von\" \/>\n\t<meta name=\"twitter:data1\" content=\"client\" \/>\n\t<meta name=\"twitter:label2\" content=\"Gesch\u00e4tzte Lesezeit\" \/>\n\t<meta name=\"twitter:data2\" content=\"2\u00a0Minuten\" \/>\n<script type=\"application\/ld+json\" class=\"yoast-schema-graph\">{\"@context\":\"https:\\\/\\\/schema.org\",\"@graph\":[{\"@type\":\"Article\",\"@id\":\"https:\\\/\\\/bikersdays.com\\\/de\\\/2023-startschuss-auf-der-rennstrecke-von-barcelona-catalunya\\\/#article\",\"isPartOf\":{\"@id\":\"https:\\\/\\\/bikersdays.com\\\/de\\\/2023-startschuss-auf-der-rennstrecke-von-barcelona-catalunya\\\/\"},\"author\":{\"name\":\"client\",\"@id\":\"https:\\\/\\\/bikersdays.com\\\/de\\\/#\\\/schema\\\/person\\\/f869f197289e6a86361c833c1d0d95b5\"},\"headline\":\"2023 Startschuss auf der Rennstrecke von Barcelona-Catalunya\",\"datePublished\":\"2022-12-01T13:15:00+00:00\",\"dateModified\":\"2022-12-12T13:15:53+00:00\",\"mainEntityOfPage\":{\"@id\":\"https:\\\/\\\/bikersdays.com\\\/de\\\/2023-startschuss-auf-der-rennstrecke-von-barcelona-catalunya\\\/\"},\"wordCount\":257,\"image\":{\"@id\":\"https:\\\/\\\/bikersdays.com\\\/de\\\/2023-startschuss-auf-der-rennstrecke-von-barcelona-catalunya\\\/#primaryimage\"},\"thumbnailUrl\":\"https:\\\/\\\/bikersdays.com\\\/wp-content\\\/uploads\\\/sites\\\/6\\\/29352238_10156449729803783_2219323772602474814_o.jpg\",\"articleSection\":[\"Kalender\",\"Unkategorisiert\"],\"inLanguage\":\"de\"},{\"@type\":\"WebPage\",\"@id\":\"https:\\\/\\\/bikersdays.com\\\/de\\\/2023-startschuss-auf-der-rennstrecke-von-barcelona-catalunya\\\/\",\"url\":\"https:\\\/\\\/bikersdays.com\\\/de\\\/2023-startschuss-auf-der-rennstrecke-von-barcelona-catalunya\\\/\",\"name\":\"2023 Startschuss auf der Rennstrecke von Barcelona-Catalunya - Bikers&#039; Days\",\"isPartOf\":{\"@id\":\"https:\\\/\\\/bikersdays.com\\\/de\\\/#website\"},\"primaryImageOfPage\":{\"@id\":\"https:\\\/\\\/bikersdays.com\\\/de\\\/2023-startschuss-auf-der-rennstrecke-von-barcelona-catalunya\\\/#primaryimage\"},\"image\":{\"@id\":\"https:\\\/\\\/bikersdays.com\\\/de\\\/2023-startschuss-auf-der-rennstrecke-von-barcelona-catalunya\\\/#primaryimage\"},\"thumbnailUrl\":\"https:\\\/\\\/bikersdays.com\\\/wp-content\\\/uploads\\\/sites\\\/6\\\/29352238_10156449729803783_2219323772602474814_o.jpg\",\"datePublished\":\"2022-12-01T13:15:00+00:00\",\"dateModified\":\"2022-12-12T13:15:53+00:00\",\"author\":{\"@id\":\"https:\\\/\\\/bikersdays.com\\\/de\\\/#\\\/schema\\\/person\\\/f869f197289e6a86361c833c1d0d95b5\"},\"breadcrumb\":{\"@id\":\"https:\\\/\\\/bikersdays.com\\\/de\\\/2023-startschuss-auf-der-rennstrecke-von-barcelona-catalunya\\\/#breadcrumb\"},\"inLanguage\":\"de\",\"potentialAction\":[{\"@type\":\"ReadAction\",\"target\":[\"https:\\\/\\\/bikersdays.com\\\/de\\\/2023-startschuss-auf-der-rennstrecke-von-barcelona-catalunya\\\/\"]}]},{\"@type\":\"ImageObject\",\"inLanguage\":\"de\",\"@id\":\"https:\\\/\\\/bikersdays.com\\\/de\\\/2023-startschuss-auf-der-rennstrecke-von-barcelona-catalunya\\\/#primaryimage\",\"url\":\"https:\\\/\\\/bikersdays.com\\\/wp-content\\\/uploads\\\/sites\\\/6\\\/29352238_10156449729803783_2219323772602474814_o.jpg\",\"contentUrl\":\"https:\\\/\\\/bikersdays.com\\\/wp-content\\\/uploads\\\/sites\\\/6\\\/29352238_10156449729803783_2219323772602474814_o.jpg\",\"width\":1848,\"height\":1228},{\"@type\":\"BreadcrumbList\",\"@id\":\"https:\\\/\\\/bikersdays.com\\\/de\\\/2023-startschuss-auf-der-rennstrecke-von-barcelona-catalunya\\\/#breadcrumb\",\"itemListElement\":[{\"@type\":\"ListItem\",\"position\":1,\"name\":\"Accueil\",\"item\":\"https:\\\/\\\/bikersdays.com\\\/de\\\/\"},{\"@type\":\"ListItem\",\"position\":2,\"name\":\"2023 Startschuss auf der Rennstrecke von Barcelona-Catalunya\"}]},{\"@type\":\"WebSite\",\"@id\":\"https:\\\/\\\/bikersdays.com\\\/de\\\/#website\",\"url\":\"https:\\\/\\\/bikersdays.com\\\/de\\\/\",\"name\":\"Bikers&#039; Days\",\"description\":\"\",\"potentialAction\":[{\"@type\":\"SearchAction\",\"target\":{\"@type\":\"EntryPoint\",\"urlTemplate\":\"https:\\\/\\\/bikersdays.com\\\/de\\\/?s={search_term_string}\"},\"query-input\":{\"@type\":\"PropertyValueSpecification\",\"valueRequired\":true,\"valueName\":\"search_term_string\"}}],\"inLanguage\":\"de\"},{\"@type\":\"Person\",\"@id\":\"https:\\\/\\\/bikersdays.com\\\/de\\\/#\\\/schema\\\/person\\\/f869f197289e6a86361c833c1d0d95b5\",\"name\":\"client\",\"image\":{\"@type\":\"ImageObject\",\"inLanguage\":\"de\",\"@id\":\"https:\\\/\\\/secure.gravatar.com\\\/avatar\\\/d0de661745071daff296a69510a88dd6ff40167a4a7f4158f09a3680fab567f6?s=96&d=mm&r=g\",\"url\":\"https:\\\/\\\/secure.gravatar.com\\\/avatar\\\/d0de661745071daff296a69510a88dd6ff40167a4a7f4158f09a3680fab567f6?s=96&d=mm&r=g\",\"contentUrl\":\"https:\\\/\\\/secure.gravatar.com\\\/avatar\\\/d0de661745071daff296a69510a88dd6ff40167a4a7f4158f09a3680fab567f6?s=96&d=mm&r=g\",\"caption\":\"client\"}}]}<\/script>\n<!-- \/ Yoast SEO plugin. -->","yoast_head_json":{"title":"2023 Startschuss auf der Rennstrecke von Barcelona-Catalunya - Bikers&#039; Days","robots":{"index":"index","follow":"follow","max-snippet":"max-snippet:-1","max-image-preview":"max-image-preview:large","max-video-preview":"max-video-preview:-1"},"canonical":"https:\/\/bikersdays.com\/de\/2023-startschuss-auf-der-rennstrecke-von-barcelona-catalunya\/","og_locale":"de_DE","og_type":"article","og_title":"2023 Startschuss auf der Rennstrecke von Barcelona-Catalunya - Bikers&#039; Days","og_description":"Eine tolle Tradition bei DG Sport, Ende M\u00e4rz, wenn sich der Fr\u00fchling in Belgien oft nur z\u00f6gerlich zeigt, stiftet der [&hellip;]","og_url":"https:\/\/bikersdays.com\/de\/2023-startschuss-auf-der-rennstrecke-von-barcelona-catalunya\/","og_site_name":"Bikers&#039; Days","article_published_time":"2022-12-01T13:15:00+00:00","article_modified_time":"2022-12-12T13:15:53+00:00","og_image":[{"width":1848,"height":1228,"url":"https:\/\/bikersdays.com\/wp-content\/uploads\/sites\/6\/29352238_10156449729803783_2219323772602474814_o.jpg","type":"image\/jpeg"}],"author":"client","twitter_card":"summary_large_image","twitter_misc":{"Verfasst von":"client","Gesch\u00e4tzte Lesezeit":"2\u00a0Minuten"},"schema":{"@context":"https:\/\/schema.org","@graph":[{"@type":"Article","@id":"https:\/\/bikersdays.com\/de\/2023-startschuss-auf-der-rennstrecke-von-barcelona-catalunya\/#article","isPartOf":{"@id":"https:\/\/bikersdays.com\/de\/2023-startschuss-auf-der-rennstrecke-von-barcelona-catalunya\/"},"author":{"name":"client","@id":"https:\/\/bikersdays.com\/de\/#\/schema\/person\/f869f197289e6a86361c833c1d0d95b5"},"headline":"2023 Startschuss auf der Rennstrecke von Barcelona-Catalunya","datePublished":"2022-12-01T13:15:00+00:00","dateModified":"2022-12-12T13:15:53+00:00","mainEntityOfPage":{"@id":"https:\/\/bikersdays.com\/de\/2023-startschuss-auf-der-rennstrecke-von-barcelona-catalunya\/"},"wordCount":257,"image":{"@id":"https:\/\/bikersdays.com\/de\/2023-startschuss-auf-der-rennstrecke-von-barcelona-catalunya\/#primaryimage"},"thumbnailUrl":"https:\/\/bikersdays.com\/wp-content\/uploads\/sites\/6\/29352238_10156449729803783_2219323772602474814_o.jpg","articleSection":["Kalender","Unkategorisiert"],"inLanguage":"de"},{"@type":"WebPage","@id":"https:\/\/bikersdays.com\/de\/2023-startschuss-auf-der-rennstrecke-von-barcelona-catalunya\/","url":"https:\/\/bikersdays.com\/de\/2023-startschuss-auf-der-rennstrecke-von-barcelona-catalunya\/","name":"2023 Startschuss auf der Rennstrecke von Barcelona-Catalunya - Bikers&#039; Days","isPartOf":{"@id":"https:\/\/bikersdays.com\/de\/#website"},"primaryImageOfPage":{"@id":"https:\/\/bikersdays.com\/de\/2023-startschuss-auf-der-rennstrecke-von-barcelona-catalunya\/#primaryimage"},"image":{"@id":"https:\/\/bikersdays.com\/de\/2023-startschuss-auf-der-rennstrecke-von-barcelona-catalunya\/#primaryimage"},"thumbnailUrl":"https:\/\/bikersdays.com\/wp-content\/uploads\/sites\/6\/29352238_10156449729803783_2219323772602474814_o.jpg","datePublished":"2022-12-01T13:15:00+00:00","dateModified":"2022-12-12T13:15:53+00:00","author":{"@id":"https:\/\/bikersdays.com\/de\/#\/schema\/person\/f869f197289e6a86361c833c1d0d95b5"},"breadcrumb":{"@id":"https:\/\/bikersdays.com\/de\/2023-startschuss-auf-der-rennstrecke-von-barcelona-catalunya\/#breadcrumb"},"inLanguage":"de","potentialAction":[{"@type":"ReadAction","target":["https:\/\/bikersdays.com\/de\/2023-startschuss-auf-der-rennstrecke-von-barcelona-catalunya\/"]}]},{"@type":"ImageObject","inLanguage":"de","@id":"https:\/\/bikersdays.com\/de\/2023-startschuss-auf-der-rennstrecke-von-barcelona-catalunya\/#primaryimage","url":"https:\/\/bikersdays.com\/wp-content\/uploads\/sites\/6\/29352238_10156449729803783_2219323772602474814_o.jpg","contentUrl":"https:\/\/bikersdays.com\/wp-content\/uploads\/sites\/6\/29352238_10156449729803783_2219323772602474814_o.jpg","width":1848,"height":1228},{"@type":"BreadcrumbList","@id":"https:\/\/bikersdays.com\/de\/2023-startschuss-auf-der-rennstrecke-von-barcelona-catalunya\/#breadcrumb","itemListElement":[{"@type":"ListItem","position":1,"name":"Accueil","item":"https:\/\/bikersdays.com\/de\/"},{"@type":"ListItem","position":2,"name":"2023 Startschuss auf der Rennstrecke von Barcelona-Catalunya"}]},{"@type":"WebSite","@id":"https:\/\/bikersdays.com\/de\/#website","url":"https:\/\/bikersdays.com\/de\/","name":"Bikers&#039; Days","description":"","potentialAction":[{"@type":"SearchAction","target":{"@type":"EntryPoint","urlTemplate":"https:\/\/bikersdays.com\/de\/?s={search_term_string}"},"query-input":{"@type":"PropertyValueSpecification","valueRequired":true,"valueName":"search_term_string"}}],"inLanguage":"de"},{"@type":"Person","@id":"https:\/\/bikersdays.com\/de\/#\/schema\/person\/f869f197289e6a86361c833c1d0d95b5","name":"client","image":{"@type":"ImageObject","inLanguage":"de","@id":"https:\/\/secure.gravatar.com\/avatar\/d0de661745071daff296a69510a88dd6ff40167a4a7f4158f09a3680fab567f6?s=96&d=mm&r=g","url":"https:\/\/secure.gravatar.com\/avatar\/d0de661745071daff296a69510a88dd6ff40167a4a7f4158f09a3680fab567f6?s=96&d=mm&r=g","contentUrl":"https:\/\/secure.gravatar.com\/avatar\/d0de661745071daff296a69510a88dd6ff40167a4a7f4158f09a3680fab567f6?s=96&d=mm&r=g","caption":"client"}}]}},"_links":{"self":[{"href":"https:\/\/bikersdays.com\/de\/wp-json\/wp\/v2\/posts\/6192","targetHints":{"allow":["GET"]}}],"collection":[{"href":"https:\/\/bikersdays.com\/de\/wp-json\/wp\/v2\/posts"}],"about":[{"href":"https:\/\/bikersdays.com\/de\/wp-json\/wp\/v2\/types\/post"}],"author":[{"embeddable":true,"href":"https:\/\/bikersdays.com\/de\/wp-json\/wp\/v2\/users\/2"}],"replies":[{"embeddable":true,"href":"https:\/\/bikersdays.com\/de\/wp-json\/wp\/v2\/comments?post=6192"}],"version-history":[{"count":0,"href":"https:\/\/bikersdays.com\/de\/wp-json\/wp\/v2\/posts\/6192\/revisions"}],"wp:featuredmedia":[{"embeddable":true,"href":"https:\/\/bikersdays.com\/de\/wp-json\/wp\/v2\/media\/461"}],"wp:attachment":[{"href":"https:\/\/bikersdays.com\/de\/wp-json\/wp\/v2\/media?parent=6192"}],"wp:term":[{"taxonomy":"category","embeddable":true,"href":"https:\/\/bikersdays.com\/de\/wp-json\/wp\/v2\/categories?post=6192"},{"taxonomy":"post_tag","embeddable":true,"href":"https:\/\/bikersdays.com\/de\/wp-json\/wp\/v2\/tags?post=6192"}],"curies":[{"name":"wp","href":"https:\/\/api.w.org\/{rel}","templated":true}]}}