{"id":9931,"date":"2024-01-25T11:41:54","date_gmt":"2024-01-25T10:41:54","guid":{"rendered":"https:\/\/bikersdays.com\/un-bikersday-special-dans-lambiance-des-8-hours-of-spa-motos\/"},"modified":"2024-02-12T11:47:21","modified_gmt":"2024-02-12T10:47:21","slug":"un-bikersday-special-dans-lambiance-des-8-hours-of-spa-motos","status":"publish","type":"post","link":"https:\/\/bikersdays.com\/de\/un-bikersday-special-dans-lambiance-des-8-hours-of-spa-motos\/","title":{"rendered":"Ein besonderer Bikers&#8217;Day in der Atmosph\u00e4re der 8 Hours of Spa Motos!\u00a0"},"content":{"rendered":"\n<p>Wie vor kurzem angek\u00fcndigt, hat DG Sport beschlossen, sich mit der PHA-Struktur von Claude Michy zusammenzutun, um die belgische Runde der Endurance World Championship, die noch immer auf der Rennstrecke von Spa-Francorchamps ausgetragen wird, jetzt \u00fcber acht Stunden zu steigern. Dies bringt das Unternehmen aus Theux nat\u00fcrlich auf Ideen, denn es bietet ganz einfach und exklusiv einen ganz besonderen Bikers&#8217;Day an, da dieser im Anschluss an die 8 Hours of Spa Motos geplant ist!<\/p>\n\n\n\n<p>Die 8 Stunden von Spa werden am Freitag, den 7. und Samstag, den 8. Juni stattfinden. Mit dem neuen 8-Stunden-Format wird das Weltklassefeld noch prestigetr\u00e4chtiger. Die Teilnehmer des Bikers&#8217;Day am Sonntag, den 9. Juni, werden davon profitieren&#8230;&nbsp;<\/p>\n\n\n\n<p><em>Das Ziel ist es, unseren treuen&nbsp;<\/em>Bikern die M\u00f6glichkeit zu geben, in&nbsp;<em>die Atmosph\u00e4re der Langstrecken-Weltmeisterschaft einzutauchen, mit dem Privileg, am Tag nach den 8 Hours of Spa Motos auf die Rennstrecke zu gehen<\/em>&#8222;, sagte Florian Jupsin im Namen von DG Sport.&nbsp;<em>Die Teilnahme an diesem einzigartigen Bikers&#8217;Day beinhaltet zwei Eintrittskarten f\u00fcr das gro\u00dfe Rennen am Samstag sowie einen Parkplatz, damit die Teams und Fahrer mit ihrem Material zum EWC-Rennen kommen k\u00f6nnen, bevor sie am Samstagabend die Boxen beziehen! Und am Sonntag sind sie dann an der Reihe, auf die Strecke zu gehen, unter den Augen des einen oder anderen Stars der Weltmeisterschaft&#8230; oder sogar von anderswo! Sicher ist, dass dieser Tag in einer anderen Atmosph\u00e4re stattfinden und ein langes Wochenende im Zeichen der Zweir\u00e4der auf die sch\u00f6nste Weise abschlie\u00dfen wird&#8230;<\/em>&#8222;.<\/p>\n\n\n\n<p>Dieser Bikers&#8217;Day am Sonntag, den 9.&nbsp;Juni, erm\u00f6glicht es also den Liebhabern der Geschwindigkeit auf der Rennstrecke, die Weltstars der Langstreckenrennen zu treffen und mit ihnen in Kontakt zu treten. Das alles im Namen einer gemeinsamen Leidenschaft und unter dem Zeichen des Griffs in die Ecke&#8230;&nbsp;<\/p>\n\n\n\n<p>Infos &amp; Anmeldung: www.bikersdays.be&nbsp;<\/p>\n\n\n\n<p><\/p>\n","protected":false},"excerpt":{"rendered":"<p>Wie vor kurzem angek\u00fcndigt, hat DG Sport beschlossen, sich mit der PHA-Struktur von Claude Michy zusammenzutun, um die belgische Runde [&hellip;]<\/p>\n","protected":false},"author":2,"featured_media":9927,"comment_status":"closed","ping_status":"open","sticky":false,"template":"","format":"standard","meta":{"_acf_changed":false,"footnotes":""},"categories":[104],"tags":[],"class_list":["post-9931","post","type-post","status-publish","format-standard","has-post-thumbnail","hentry","category-2024-de"],"acf":{"vhrs":false,"show_group":false},"yoast_head":"<!-- This site is optimized with the Yoast SEO plugin v27.5 - https:\/\/yoast.com\/product\/yoast-seo-wordpress\/ -->\n<title>Ein besonderer Bikers&#039;Day in der Atmosph\u00e4re der 8 Hours of Spa Motos!\u00a0 - Bikers&#039; Days<\/title>\n<meta name=\"robots\" content=\"index, follow, max-snippet:-1, max-image-preview:large, max-video-preview:-1\" \/>\n<link rel=\"canonical\" href=\"https:\/\/bikersdays.com\/de\/un-bikersday-special-dans-lambiance-des-8-hours-of-spa-motos\/\" \/>\n<meta property=\"og:locale\" content=\"de_DE\" \/>\n<meta property=\"og:type\" content=\"article\" \/>\n<meta property=\"og:title\" content=\"Ein besonderer Bikers&#039;Day in der Atmosph\u00e4re der 8 Hours of Spa Motos!\u00a0 - Bikers&#039; Days\" \/>\n<meta property=\"og:description\" content=\"Wie vor kurzem angek\u00fcndigt, hat DG Sport beschlossen, sich mit der PHA-Struktur von Claude Michy zusammenzutun, um die belgische Runde [&hellip;]\" \/>\n<meta property=\"og:url\" content=\"https:\/\/bikersdays.com\/de\/un-bikersday-special-dans-lambiance-des-8-hours-of-spa-motos\/\" \/>\n<meta property=\"og:site_name\" content=\"Bikers&#039; Days\" \/>\n<meta property=\"article:published_time\" content=\"2024-01-25T10:41:54+00:00\" \/>\n<meta property=\"article:modified_time\" content=\"2024-02-12T10:47:21+00:00\" \/>\n<meta property=\"og:image\" content=\"https:\/\/bikersdays.com\/wp-content\/uploads\/sites\/6\/908_1334_0-copia-1.jpg\" \/>\n\t<meta property=\"og:image:width\" content=\"1922\" \/>\n\t<meta property=\"og:image:height\" content=\"1281\" \/>\n\t<meta property=\"og:image:type\" content=\"image\/jpeg\" \/>\n<meta name=\"author\" content=\"client\" \/>\n<meta name=\"twitter:card\" content=\"summary_large_image\" \/>\n<meta name=\"twitter:label1\" content=\"Verfasst von\" \/>\n\t<meta name=\"twitter:data1\" content=\"client\" \/>\n\t<meta name=\"twitter:label2\" content=\"Gesch\u00e4tzte Lesezeit\" \/>\n\t<meta name=\"twitter:data2\" content=\"2\u00a0Minuten\" \/>\n<script type=\"application\/ld+json\" class=\"yoast-schema-graph\">{\"@context\":\"https:\\\/\\\/schema.org\",\"@graph\":[{\"@type\":\"Article\",\"@id\":\"https:\\\/\\\/bikersdays.com\\\/de\\\/un-bikersday-special-dans-lambiance-des-8-hours-of-spa-motos\\\/#article\",\"isPartOf\":{\"@id\":\"https:\\\/\\\/bikersdays.com\\\/de\\\/un-bikersday-special-dans-lambiance-des-8-hours-of-spa-motos\\\/\"},\"author\":{\"name\":\"client\",\"@id\":\"https:\\\/\\\/bikersdays.com\\\/de\\\/#\\\/schema\\\/person\\\/f869f197289e6a86361c833c1d0d95b5\"},\"headline\":\"Ein besonderer Bikers&#8217;Day in der Atmosph\u00e4re der 8 Hours of Spa Motos!\u00a0\",\"datePublished\":\"2024-01-25T10:41:54+00:00\",\"dateModified\":\"2024-02-12T10:47:21+00:00\",\"mainEntityOfPage\":{\"@id\":\"https:\\\/\\\/bikersdays.com\\\/de\\\/un-bikersday-special-dans-lambiance-des-8-hours-of-spa-motos\\\/\"},\"wordCount\":324,\"image\":{\"@id\":\"https:\\\/\\\/bikersdays.com\\\/de\\\/un-bikersday-special-dans-lambiance-des-8-hours-of-spa-motos\\\/#primaryimage\"},\"thumbnailUrl\":\"https:\\\/\\\/bikersdays.com\\\/wp-content\\\/uploads\\\/sites\\\/6\\\/908_1334_0-copia-1.jpg\",\"articleSection\":[\"2024\"],\"inLanguage\":\"de\"},{\"@type\":\"WebPage\",\"@id\":\"https:\\\/\\\/bikersdays.com\\\/de\\\/un-bikersday-special-dans-lambiance-des-8-hours-of-spa-motos\\\/\",\"url\":\"https:\\\/\\\/bikersdays.com\\\/de\\\/un-bikersday-special-dans-lambiance-des-8-hours-of-spa-motos\\\/\",\"name\":\"Ein besonderer Bikers'Day in der Atmosph\u00e4re der 8 Hours of Spa Motos!\u00a0 - Bikers&#039; Days\",\"isPartOf\":{\"@id\":\"https:\\\/\\\/bikersdays.com\\\/de\\\/#website\"},\"primaryImageOfPage\":{\"@id\":\"https:\\\/\\\/bikersdays.com\\\/de\\\/un-bikersday-special-dans-lambiance-des-8-hours-of-spa-motos\\\/#primaryimage\"},\"image\":{\"@id\":\"https:\\\/\\\/bikersdays.com\\\/de\\\/un-bikersday-special-dans-lambiance-des-8-hours-of-spa-motos\\\/#primaryimage\"},\"thumbnailUrl\":\"https:\\\/\\\/bikersdays.com\\\/wp-content\\\/uploads\\\/sites\\\/6\\\/908_1334_0-copia-1.jpg\",\"datePublished\":\"2024-01-25T10:41:54+00:00\",\"dateModified\":\"2024-02-12T10:47:21+00:00\",\"author\":{\"@id\":\"https:\\\/\\\/bikersdays.com\\\/de\\\/#\\\/schema\\\/person\\\/f869f197289e6a86361c833c1d0d95b5\"},\"breadcrumb\":{\"@id\":\"https:\\\/\\\/bikersdays.com\\\/de\\\/un-bikersday-special-dans-lambiance-des-8-hours-of-spa-motos\\\/#breadcrumb\"},\"inLanguage\":\"de\",\"potentialAction\":[{\"@type\":\"ReadAction\",\"target\":[\"https:\\\/\\\/bikersdays.com\\\/de\\\/un-bikersday-special-dans-lambiance-des-8-hours-of-spa-motos\\\/\"]}]},{\"@type\":\"ImageObject\",\"inLanguage\":\"de\",\"@id\":\"https:\\\/\\\/bikersdays.com\\\/de\\\/un-bikersday-special-dans-lambiance-des-8-hours-of-spa-motos\\\/#primaryimage\",\"url\":\"https:\\\/\\\/bikersdays.com\\\/wp-content\\\/uploads\\\/sites\\\/6\\\/908_1334_0-copia-1.jpg\",\"contentUrl\":\"https:\\\/\\\/bikersdays.com\\\/wp-content\\\/uploads\\\/sites\\\/6\\\/908_1334_0-copia-1.jpg\",\"width\":1922,\"height\":1281},{\"@type\":\"BreadcrumbList\",\"@id\":\"https:\\\/\\\/bikersdays.com\\\/de\\\/un-bikersday-special-dans-lambiance-des-8-hours-of-spa-motos\\\/#breadcrumb\",\"itemListElement\":[{\"@type\":\"ListItem\",\"position\":1,\"name\":\"Accueil\",\"item\":\"https:\\\/\\\/bikersdays.com\\\/de\\\/\"},{\"@type\":\"ListItem\",\"position\":2,\"name\":\"Ein besonderer Bikers&rsquo;Day in der Atmosph\u00e4re der 8 Hours of Spa Motos!\u00a0\"}]},{\"@type\":\"WebSite\",\"@id\":\"https:\\\/\\\/bikersdays.com\\\/de\\\/#website\",\"url\":\"https:\\\/\\\/bikersdays.com\\\/de\\\/\",\"name\":\"Bikers&#039; Days\",\"description\":\"\",\"potentialAction\":[{\"@type\":\"SearchAction\",\"target\":{\"@type\":\"EntryPoint\",\"urlTemplate\":\"https:\\\/\\\/bikersdays.com\\\/de\\\/?s={search_term_string}\"},\"query-input\":{\"@type\":\"PropertyValueSpecification\",\"valueRequired\":true,\"valueName\":\"search_term_string\"}}],\"inLanguage\":\"de\"},{\"@type\":\"Person\",\"@id\":\"https:\\\/\\\/bikersdays.com\\\/de\\\/#\\\/schema\\\/person\\\/f869f197289e6a86361c833c1d0d95b5\",\"name\":\"client\",\"image\":{\"@type\":\"ImageObject\",\"inLanguage\":\"de\",\"@id\":\"https:\\\/\\\/secure.gravatar.com\\\/avatar\\\/d0de661745071daff296a69510a88dd6ff40167a4a7f4158f09a3680fab567f6?s=96&d=mm&r=g\",\"url\":\"https:\\\/\\\/secure.gravatar.com\\\/avatar\\\/d0de661745071daff296a69510a88dd6ff40167a4a7f4158f09a3680fab567f6?s=96&d=mm&r=g\",\"contentUrl\":\"https:\\\/\\\/secure.gravatar.com\\\/avatar\\\/d0de661745071daff296a69510a88dd6ff40167a4a7f4158f09a3680fab567f6?s=96&d=mm&r=g\",\"caption\":\"client\"}}]}<\/script>\n<!-- \/ Yoast SEO plugin. -->","yoast_head_json":{"title":"Ein besonderer Bikers'Day in der Atmosph\u00e4re der 8 Hours of Spa Motos!\u00a0 - Bikers&#039; Days","robots":{"index":"index","follow":"follow","max-snippet":"max-snippet:-1","max-image-preview":"max-image-preview:large","max-video-preview":"max-video-preview:-1"},"canonical":"https:\/\/bikersdays.com\/de\/un-bikersday-special-dans-lambiance-des-8-hours-of-spa-motos\/","og_locale":"de_DE","og_type":"article","og_title":"Ein besonderer Bikers'Day in der Atmosph\u00e4re der 8 Hours of Spa Motos!\u00a0 - Bikers&#039; Days","og_description":"Wie vor kurzem angek\u00fcndigt, hat DG Sport beschlossen, sich mit der PHA-Struktur von Claude Michy zusammenzutun, um die belgische Runde [&hellip;]","og_url":"https:\/\/bikersdays.com\/de\/un-bikersday-special-dans-lambiance-des-8-hours-of-spa-motos\/","og_site_name":"Bikers&#039; Days","article_published_time":"2024-01-25T10:41:54+00:00","article_modified_time":"2024-02-12T10:47:21+00:00","og_image":[{"width":1922,"height":1281,"url":"https:\/\/bikersdays.com\/wp-content\/uploads\/sites\/6\/908_1334_0-copia-1.jpg","type":"image\/jpeg"}],"author":"client","twitter_card":"summary_large_image","twitter_misc":{"Verfasst von":"client","Gesch\u00e4tzte Lesezeit":"2\u00a0Minuten"},"schema":{"@context":"https:\/\/schema.org","@graph":[{"@type":"Article","@id":"https:\/\/bikersdays.com\/de\/un-bikersday-special-dans-lambiance-des-8-hours-of-spa-motos\/#article","isPartOf":{"@id":"https:\/\/bikersdays.com\/de\/un-bikersday-special-dans-lambiance-des-8-hours-of-spa-motos\/"},"author":{"name":"client","@id":"https:\/\/bikersdays.com\/de\/#\/schema\/person\/f869f197289e6a86361c833c1d0d95b5"},"headline":"Ein besonderer Bikers&#8217;Day in der Atmosph\u00e4re der 8 Hours of Spa Motos!\u00a0","datePublished":"2024-01-25T10:41:54+00:00","dateModified":"2024-02-12T10:47:21+00:00","mainEntityOfPage":{"@id":"https:\/\/bikersdays.com\/de\/un-bikersday-special-dans-lambiance-des-8-hours-of-spa-motos\/"},"wordCount":324,"image":{"@id":"https:\/\/bikersdays.com\/de\/un-bikersday-special-dans-lambiance-des-8-hours-of-spa-motos\/#primaryimage"},"thumbnailUrl":"https:\/\/bikersdays.com\/wp-content\/uploads\/sites\/6\/908_1334_0-copia-1.jpg","articleSection":["2024"],"inLanguage":"de"},{"@type":"WebPage","@id":"https:\/\/bikersdays.com\/de\/un-bikersday-special-dans-lambiance-des-8-hours-of-spa-motos\/","url":"https:\/\/bikersdays.com\/de\/un-bikersday-special-dans-lambiance-des-8-hours-of-spa-motos\/","name":"Ein besonderer Bikers'Day in der Atmosph\u00e4re der 8 Hours of Spa Motos!\u00a0 - Bikers&#039; Days","isPartOf":{"@id":"https:\/\/bikersdays.com\/de\/#website"},"primaryImageOfPage":{"@id":"https:\/\/bikersdays.com\/de\/un-bikersday-special-dans-lambiance-des-8-hours-of-spa-motos\/#primaryimage"},"image":{"@id":"https:\/\/bikersdays.com\/de\/un-bikersday-special-dans-lambiance-des-8-hours-of-spa-motos\/#primaryimage"},"thumbnailUrl":"https:\/\/bikersdays.com\/wp-content\/uploads\/sites\/6\/908_1334_0-copia-1.jpg","datePublished":"2024-01-25T10:41:54+00:00","dateModified":"2024-02-12T10:47:21+00:00","author":{"@id":"https:\/\/bikersdays.com\/de\/#\/schema\/person\/f869f197289e6a86361c833c1d0d95b5"},"breadcrumb":{"@id":"https:\/\/bikersdays.com\/de\/un-bikersday-special-dans-lambiance-des-8-hours-of-spa-motos\/#breadcrumb"},"inLanguage":"de","potentialAction":[{"@type":"ReadAction","target":["https:\/\/bikersdays.com\/de\/un-bikersday-special-dans-lambiance-des-8-hours-of-spa-motos\/"]}]},{"@type":"ImageObject","inLanguage":"de","@id":"https:\/\/bikersdays.com\/de\/un-bikersday-special-dans-lambiance-des-8-hours-of-spa-motos\/#primaryimage","url":"https:\/\/bikersdays.com\/wp-content\/uploads\/sites\/6\/908_1334_0-copia-1.jpg","contentUrl":"https:\/\/bikersdays.com\/wp-content\/uploads\/sites\/6\/908_1334_0-copia-1.jpg","width":1922,"height":1281},{"@type":"BreadcrumbList","@id":"https:\/\/bikersdays.com\/de\/un-bikersday-special-dans-lambiance-des-8-hours-of-spa-motos\/#breadcrumb","itemListElement":[{"@type":"ListItem","position":1,"name":"Accueil","item":"https:\/\/bikersdays.com\/de\/"},{"@type":"ListItem","position":2,"name":"Ein besonderer Bikers&rsquo;Day in der Atmosph\u00e4re der 8 Hours of Spa Motos!\u00a0"}]},{"@type":"WebSite","@id":"https:\/\/bikersdays.com\/de\/#website","url":"https:\/\/bikersdays.com\/de\/","name":"Bikers&#039; Days","description":"","potentialAction":[{"@type":"SearchAction","target":{"@type":"EntryPoint","urlTemplate":"https:\/\/bikersdays.com\/de\/?s={search_term_string}"},"query-input":{"@type":"PropertyValueSpecification","valueRequired":true,"valueName":"search_term_string"}}],"inLanguage":"de"},{"@type":"Person","@id":"https:\/\/bikersdays.com\/de\/#\/schema\/person\/f869f197289e6a86361c833c1d0d95b5","name":"client","image":{"@type":"ImageObject","inLanguage":"de","@id":"https:\/\/secure.gravatar.com\/avatar\/d0de661745071daff296a69510a88dd6ff40167a4a7f4158f09a3680fab567f6?s=96&d=mm&r=g","url":"https:\/\/secure.gravatar.com\/avatar\/d0de661745071daff296a69510a88dd6ff40167a4a7f4158f09a3680fab567f6?s=96&d=mm&r=g","contentUrl":"https:\/\/secure.gravatar.com\/avatar\/d0de661745071daff296a69510a88dd6ff40167a4a7f4158f09a3680fab567f6?s=96&d=mm&r=g","caption":"client"}}]}},"_links":{"self":[{"href":"https:\/\/bikersdays.com\/de\/wp-json\/wp\/v2\/posts\/9931","targetHints":{"allow":["GET"]}}],"collection":[{"href":"https:\/\/bikersdays.com\/de\/wp-json\/wp\/v2\/posts"}],"about":[{"href":"https:\/\/bikersdays.com\/de\/wp-json\/wp\/v2\/types\/post"}],"author":[{"embeddable":true,"href":"https:\/\/bikersdays.com\/de\/wp-json\/wp\/v2\/users\/2"}],"replies":[{"embeddable":true,"href":"https:\/\/bikersdays.com\/de\/wp-json\/wp\/v2\/comments?post=9931"}],"version-history":[{"count":0,"href":"https:\/\/bikersdays.com\/de\/wp-json\/wp\/v2\/posts\/9931\/revisions"}],"wp:featuredmedia":[{"embeddable":true,"href":"https:\/\/bikersdays.com\/de\/wp-json\/wp\/v2\/media\/9927"}],"wp:attachment":[{"href":"https:\/\/bikersdays.com\/de\/wp-json\/wp\/v2\/media?parent=9931"}],"wp:term":[{"taxonomy":"category","embeddable":true,"href":"https:\/\/bikersdays.com\/de\/wp-json\/wp\/v2\/categories?post=9931"},{"taxonomy":"post_tag","embeddable":true,"href":"https:\/\/bikersdays.com\/de\/wp-json\/wp\/v2\/tags?post=9931"}],"curies":[{"name":"wp","href":"https:\/\/api.w.org\/{rel}","templated":true}]}}