{"id":9995,"date":"2024-02-07T09:38:01","date_gmt":"2024-02-07T08:38:01","guid":{"rendered":"https:\/\/bikersdays.com\/le-circuit-de-spa-francorchamps-fil-rouge-des-bikersdays\/"},"modified":"2024-02-22T09:53:59","modified_gmt":"2024-02-22T08:53:59","slug":"le-circuit-de-spa-francorchamps-fil-rouge-des-bikersdays","status":"publish","type":"post","link":"https:\/\/bikersdays.com\/de\/le-circuit-de-spa-francorchamps-fil-rouge-des-bikersdays\/","title":{"rendered":"Die Rennstrecke von Spa-Francorchamps, roter Faden der Bikers&#8217;Days"},"content":{"rendered":"\n<p>F\u00fcr einen Veranstalter wie DG Sport, aus Theux, ist die Rennstrecke von Spa-Francorchamps ganz einfach eine Art Zweitwohnsitz, ein Muss.&nbsp;Umso mehr dr\u00e4ngen sich die&nbsp;<em>Biker,&nbsp;<\/em>um den Raidillon zu st\u00fcrmen oder die Links von Blanchimont mit Vollgas zu nehmen! Kurz gesagt: Spa ist Spa&#8230;&nbsp;<\/p>\n\n\n\n<p>Bei der Erstellung des Kalenders der Bikers&#8217;Days wird die Rennstrecke von Spa-Francorchamps regelm\u00e4\u00dfig zwischen dem Fr\u00fchling und dem Sommerende besucht. Abgesehen von speziellen Veranstaltungen (8 Stunden Moto EWC, SpaItalia, SpaAsia, Bikers&#8216; Festival) sind nicht weniger als 12 Fahrtage im Herzen der Ardennen vorgesehen! Wer bietet mehr?&nbsp;<\/p>\n\n\n\n<p>Fans von Geschwindigkeit und legend\u00e4ren Strecken k\u00f6nnen die motorisierte Perle der Ardennen am 20.&nbsp;Mai, 3. Juni, 9. Juni, 17. Juni, 12. und 13. Juli, 9. August, 12. und 13.&nbsp;August erleben, sowie am 20. und 21. September, direkt vor dem unbestrittenes Treffen der Amateurausdauerfahrer, die 6 Heures Moto!<\/p>\n\n\n\n<p>Warten Sie nicht l\u00e4nger, um das prestigetr\u00e4chtige Spas-Men\u00fc auf der offiziellen Website der Bikers&#8217;Days zu durchsuchen, denn die F\u00fclle an Daten erm\u00f6glicht es Ihnen, individuelle L\u00f6sungen zu finden, die unz\u00e4hlige Runden &#8222;auf der sch\u00f6nsten Rennstrecke der Welt&#8220; mit sich bringen&#8230;&nbsp;<\/p>\n\n\n\n<p><\/p>\n","protected":false},"excerpt":{"rendered":"<p>F\u00fcr einen Veranstalter wie DG Sport, aus Theux, ist die Rennstrecke von Spa-Francorchamps ganz einfach eine Art Zweitwohnsitz, ein Muss.&nbsp;Umso [&hellip;]<\/p>\n","protected":false},"author":2,"featured_media":8910,"comment_status":"closed","ping_status":"open","sticky":false,"template":"","format":"standard","meta":{"_acf_changed":false,"footnotes":""},"categories":[104],"tags":[],"class_list":["post-9995","post","type-post","status-publish","format-standard","has-post-thumbnail","hentry","category-2024-de"],"acf":{"vhrs":false,"show_group":false},"yoast_head":"<!-- This site is optimized with the Yoast SEO plugin v27.5 - https:\/\/yoast.com\/product\/yoast-seo-wordpress\/ -->\n<title>Die Rennstrecke von Spa-Francorchamps, roter Faden der Bikers&#039;Days - Bikers&#039; Days<\/title>\n<meta name=\"robots\" content=\"index, follow, max-snippet:-1, max-image-preview:large, max-video-preview:-1\" \/>\n<link rel=\"canonical\" href=\"https:\/\/bikersdays.com\/de\/le-circuit-de-spa-francorchamps-fil-rouge-des-bikersdays\/\" \/>\n<meta property=\"og:locale\" content=\"de_DE\" \/>\n<meta property=\"og:type\" content=\"article\" \/>\n<meta property=\"og:title\" content=\"Die Rennstrecke von Spa-Francorchamps, roter Faden der Bikers&#039;Days - Bikers&#039; Days\" \/>\n<meta property=\"og:description\" content=\"F\u00fcr einen Veranstalter wie DG Sport, aus Theux, ist die Rennstrecke von Spa-Francorchamps ganz einfach eine Art Zweitwohnsitz, ein Muss.&nbsp;Umso [&hellip;]\" \/>\n<meta property=\"og:url\" content=\"https:\/\/bikersdays.com\/de\/le-circuit-de-spa-francorchamps-fil-rouge-des-bikersdays\/\" \/>\n<meta property=\"og:site_name\" content=\"Bikers&#039; Days\" \/>\n<meta property=\"article:published_time\" content=\"2024-02-07T08:38:01+00:00\" \/>\n<meta property=\"article:modified_time\" content=\"2024-02-22T08:53:59+00:00\" \/>\n<meta property=\"og:image\" content=\"https:\/\/bikersdays.com\/wp-content\/uploads\/sites\/6\/908_3755_0-copia.jpg\" \/>\n\t<meta property=\"og:image:width\" content=\"1922\" \/>\n\t<meta property=\"og:image:height\" content=\"1281\" \/>\n\t<meta property=\"og:image:type\" content=\"image\/jpeg\" \/>\n<meta name=\"author\" content=\"client\" \/>\n<meta name=\"twitter:card\" content=\"summary_large_image\" \/>\n<meta name=\"twitter:label1\" content=\"Verfasst von\" \/>\n\t<meta name=\"twitter:data1\" content=\"client\" \/>\n\t<meta name=\"twitter:label2\" content=\"Gesch\u00e4tzte Lesezeit\" \/>\n\t<meta name=\"twitter:data2\" content=\"1\u00a0Minute\" \/>\n<script type=\"application\/ld+json\" class=\"yoast-schema-graph\">{\"@context\":\"https:\\\/\\\/schema.org\",\"@graph\":[{\"@type\":\"Article\",\"@id\":\"https:\\\/\\\/bikersdays.com\\\/de\\\/le-circuit-de-spa-francorchamps-fil-rouge-des-bikersdays\\\/#article\",\"isPartOf\":{\"@id\":\"https:\\\/\\\/bikersdays.com\\\/de\\\/le-circuit-de-spa-francorchamps-fil-rouge-des-bikersdays\\\/\"},\"author\":{\"name\":\"client\",\"@id\":\"https:\\\/\\\/bikersdays.com\\\/de\\\/#\\\/schema\\\/person\\\/f869f197289e6a86361c833c1d0d95b5\"},\"headline\":\"Die Rennstrecke von Spa-Francorchamps, roter Faden der Bikers&#8217;Days\",\"datePublished\":\"2024-02-07T08:38:01+00:00\",\"dateModified\":\"2024-02-22T08:53:59+00:00\",\"mainEntityOfPage\":{\"@id\":\"https:\\\/\\\/bikersdays.com\\\/de\\\/le-circuit-de-spa-francorchamps-fil-rouge-des-bikersdays\\\/\"},\"wordCount\":199,\"image\":{\"@id\":\"https:\\\/\\\/bikersdays.com\\\/de\\\/le-circuit-de-spa-francorchamps-fil-rouge-des-bikersdays\\\/#primaryimage\"},\"thumbnailUrl\":\"https:\\\/\\\/bikersdays.com\\\/wp-content\\\/uploads\\\/sites\\\/6\\\/908_3755_0-copia.jpg\",\"articleSection\":[\"2024\"],\"inLanguage\":\"de\"},{\"@type\":\"WebPage\",\"@id\":\"https:\\\/\\\/bikersdays.com\\\/de\\\/le-circuit-de-spa-francorchamps-fil-rouge-des-bikersdays\\\/\",\"url\":\"https:\\\/\\\/bikersdays.com\\\/de\\\/le-circuit-de-spa-francorchamps-fil-rouge-des-bikersdays\\\/\",\"name\":\"Die Rennstrecke von Spa-Francorchamps, roter Faden der Bikers'Days - Bikers&#039; Days\",\"isPartOf\":{\"@id\":\"https:\\\/\\\/bikersdays.com\\\/de\\\/#website\"},\"primaryImageOfPage\":{\"@id\":\"https:\\\/\\\/bikersdays.com\\\/de\\\/le-circuit-de-spa-francorchamps-fil-rouge-des-bikersdays\\\/#primaryimage\"},\"image\":{\"@id\":\"https:\\\/\\\/bikersdays.com\\\/de\\\/le-circuit-de-spa-francorchamps-fil-rouge-des-bikersdays\\\/#primaryimage\"},\"thumbnailUrl\":\"https:\\\/\\\/bikersdays.com\\\/wp-content\\\/uploads\\\/sites\\\/6\\\/908_3755_0-copia.jpg\",\"datePublished\":\"2024-02-07T08:38:01+00:00\",\"dateModified\":\"2024-02-22T08:53:59+00:00\",\"author\":{\"@id\":\"https:\\\/\\\/bikersdays.com\\\/de\\\/#\\\/schema\\\/person\\\/f869f197289e6a86361c833c1d0d95b5\"},\"breadcrumb\":{\"@id\":\"https:\\\/\\\/bikersdays.com\\\/de\\\/le-circuit-de-spa-francorchamps-fil-rouge-des-bikersdays\\\/#breadcrumb\"},\"inLanguage\":\"de\",\"potentialAction\":[{\"@type\":\"ReadAction\",\"target\":[\"https:\\\/\\\/bikersdays.com\\\/de\\\/le-circuit-de-spa-francorchamps-fil-rouge-des-bikersdays\\\/\"]}]},{\"@type\":\"ImageObject\",\"inLanguage\":\"de\",\"@id\":\"https:\\\/\\\/bikersdays.com\\\/de\\\/le-circuit-de-spa-francorchamps-fil-rouge-des-bikersdays\\\/#primaryimage\",\"url\":\"https:\\\/\\\/bikersdays.com\\\/wp-content\\\/uploads\\\/sites\\\/6\\\/908_3755_0-copia.jpg\",\"contentUrl\":\"https:\\\/\\\/bikersdays.com\\\/wp-content\\\/uploads\\\/sites\\\/6\\\/908_3755_0-copia.jpg\",\"width\":1922,\"height\":1281},{\"@type\":\"BreadcrumbList\",\"@id\":\"https:\\\/\\\/bikersdays.com\\\/de\\\/le-circuit-de-spa-francorchamps-fil-rouge-des-bikersdays\\\/#breadcrumb\",\"itemListElement\":[{\"@type\":\"ListItem\",\"position\":1,\"name\":\"Accueil\",\"item\":\"https:\\\/\\\/bikersdays.com\\\/de\\\/\"},{\"@type\":\"ListItem\",\"position\":2,\"name\":\"Die Rennstrecke von Spa-Francorchamps, roter Faden der Bikers&#8217;Days\"}]},{\"@type\":\"WebSite\",\"@id\":\"https:\\\/\\\/bikersdays.com\\\/de\\\/#website\",\"url\":\"https:\\\/\\\/bikersdays.com\\\/de\\\/\",\"name\":\"Bikers&#039; Days\",\"description\":\"\",\"potentialAction\":[{\"@type\":\"SearchAction\",\"target\":{\"@type\":\"EntryPoint\",\"urlTemplate\":\"https:\\\/\\\/bikersdays.com\\\/de\\\/?s={search_term_string}\"},\"query-input\":{\"@type\":\"PropertyValueSpecification\",\"valueRequired\":true,\"valueName\":\"search_term_string\"}}],\"inLanguage\":\"de\"},{\"@type\":\"Person\",\"@id\":\"https:\\\/\\\/bikersdays.com\\\/de\\\/#\\\/schema\\\/person\\\/f869f197289e6a86361c833c1d0d95b5\",\"name\":\"client\",\"image\":{\"@type\":\"ImageObject\",\"inLanguage\":\"de\",\"@id\":\"https:\\\/\\\/secure.gravatar.com\\\/avatar\\\/d0de661745071daff296a69510a88dd6ff40167a4a7f4158f09a3680fab567f6?s=96&d=mm&r=g\",\"url\":\"https:\\\/\\\/secure.gravatar.com\\\/avatar\\\/d0de661745071daff296a69510a88dd6ff40167a4a7f4158f09a3680fab567f6?s=96&d=mm&r=g\",\"contentUrl\":\"https:\\\/\\\/secure.gravatar.com\\\/avatar\\\/d0de661745071daff296a69510a88dd6ff40167a4a7f4158f09a3680fab567f6?s=96&d=mm&r=g\",\"caption\":\"client\"}}]}<\/script>\n<!-- \/ Yoast SEO plugin. -->","yoast_head_json":{"title":"Die Rennstrecke von Spa-Francorchamps, roter Faden der Bikers'Days - Bikers&#039; Days","robots":{"index":"index","follow":"follow","max-snippet":"max-snippet:-1","max-image-preview":"max-image-preview:large","max-video-preview":"max-video-preview:-1"},"canonical":"https:\/\/bikersdays.com\/de\/le-circuit-de-spa-francorchamps-fil-rouge-des-bikersdays\/","og_locale":"de_DE","og_type":"article","og_title":"Die Rennstrecke von Spa-Francorchamps, roter Faden der Bikers'Days - Bikers&#039; Days","og_description":"F\u00fcr einen Veranstalter wie DG Sport, aus Theux, ist die Rennstrecke von Spa-Francorchamps ganz einfach eine Art Zweitwohnsitz, ein Muss.&nbsp;Umso [&hellip;]","og_url":"https:\/\/bikersdays.com\/de\/le-circuit-de-spa-francorchamps-fil-rouge-des-bikersdays\/","og_site_name":"Bikers&#039; Days","article_published_time":"2024-02-07T08:38:01+00:00","article_modified_time":"2024-02-22T08:53:59+00:00","og_image":[{"width":1922,"height":1281,"url":"https:\/\/bikersdays.com\/wp-content\/uploads\/sites\/6\/908_3755_0-copia.jpg","type":"image\/jpeg"}],"author":"client","twitter_card":"summary_large_image","twitter_misc":{"Verfasst von":"client","Gesch\u00e4tzte Lesezeit":"1\u00a0Minute"},"schema":{"@context":"https:\/\/schema.org","@graph":[{"@type":"Article","@id":"https:\/\/bikersdays.com\/de\/le-circuit-de-spa-francorchamps-fil-rouge-des-bikersdays\/#article","isPartOf":{"@id":"https:\/\/bikersdays.com\/de\/le-circuit-de-spa-francorchamps-fil-rouge-des-bikersdays\/"},"author":{"name":"client","@id":"https:\/\/bikersdays.com\/de\/#\/schema\/person\/f869f197289e6a86361c833c1d0d95b5"},"headline":"Die Rennstrecke von Spa-Francorchamps, roter Faden der Bikers&#8217;Days","datePublished":"2024-02-07T08:38:01+00:00","dateModified":"2024-02-22T08:53:59+00:00","mainEntityOfPage":{"@id":"https:\/\/bikersdays.com\/de\/le-circuit-de-spa-francorchamps-fil-rouge-des-bikersdays\/"},"wordCount":199,"image":{"@id":"https:\/\/bikersdays.com\/de\/le-circuit-de-spa-francorchamps-fil-rouge-des-bikersdays\/#primaryimage"},"thumbnailUrl":"https:\/\/bikersdays.com\/wp-content\/uploads\/sites\/6\/908_3755_0-copia.jpg","articleSection":["2024"],"inLanguage":"de"},{"@type":"WebPage","@id":"https:\/\/bikersdays.com\/de\/le-circuit-de-spa-francorchamps-fil-rouge-des-bikersdays\/","url":"https:\/\/bikersdays.com\/de\/le-circuit-de-spa-francorchamps-fil-rouge-des-bikersdays\/","name":"Die Rennstrecke von Spa-Francorchamps, roter Faden der Bikers'Days - Bikers&#039; Days","isPartOf":{"@id":"https:\/\/bikersdays.com\/de\/#website"},"primaryImageOfPage":{"@id":"https:\/\/bikersdays.com\/de\/le-circuit-de-spa-francorchamps-fil-rouge-des-bikersdays\/#primaryimage"},"image":{"@id":"https:\/\/bikersdays.com\/de\/le-circuit-de-spa-francorchamps-fil-rouge-des-bikersdays\/#primaryimage"},"thumbnailUrl":"https:\/\/bikersdays.com\/wp-content\/uploads\/sites\/6\/908_3755_0-copia.jpg","datePublished":"2024-02-07T08:38:01+00:00","dateModified":"2024-02-22T08:53:59+00:00","author":{"@id":"https:\/\/bikersdays.com\/de\/#\/schema\/person\/f869f197289e6a86361c833c1d0d95b5"},"breadcrumb":{"@id":"https:\/\/bikersdays.com\/de\/le-circuit-de-spa-francorchamps-fil-rouge-des-bikersdays\/#breadcrumb"},"inLanguage":"de","potentialAction":[{"@type":"ReadAction","target":["https:\/\/bikersdays.com\/de\/le-circuit-de-spa-francorchamps-fil-rouge-des-bikersdays\/"]}]},{"@type":"ImageObject","inLanguage":"de","@id":"https:\/\/bikersdays.com\/de\/le-circuit-de-spa-francorchamps-fil-rouge-des-bikersdays\/#primaryimage","url":"https:\/\/bikersdays.com\/wp-content\/uploads\/sites\/6\/908_3755_0-copia.jpg","contentUrl":"https:\/\/bikersdays.com\/wp-content\/uploads\/sites\/6\/908_3755_0-copia.jpg","width":1922,"height":1281},{"@type":"BreadcrumbList","@id":"https:\/\/bikersdays.com\/de\/le-circuit-de-spa-francorchamps-fil-rouge-des-bikersdays\/#breadcrumb","itemListElement":[{"@type":"ListItem","position":1,"name":"Accueil","item":"https:\/\/bikersdays.com\/de\/"},{"@type":"ListItem","position":2,"name":"Die Rennstrecke von Spa-Francorchamps, roter Faden der Bikers&#8217;Days"}]},{"@type":"WebSite","@id":"https:\/\/bikersdays.com\/de\/#website","url":"https:\/\/bikersdays.com\/de\/","name":"Bikers&#039; Days","description":"","potentialAction":[{"@type":"SearchAction","target":{"@type":"EntryPoint","urlTemplate":"https:\/\/bikersdays.com\/de\/?s={search_term_string}"},"query-input":{"@type":"PropertyValueSpecification","valueRequired":true,"valueName":"search_term_string"}}],"inLanguage":"de"},{"@type":"Person","@id":"https:\/\/bikersdays.com\/de\/#\/schema\/person\/f869f197289e6a86361c833c1d0d95b5","name":"client","image":{"@type":"ImageObject","inLanguage":"de","@id":"https:\/\/secure.gravatar.com\/avatar\/d0de661745071daff296a69510a88dd6ff40167a4a7f4158f09a3680fab567f6?s=96&d=mm&r=g","url":"https:\/\/secure.gravatar.com\/avatar\/d0de661745071daff296a69510a88dd6ff40167a4a7f4158f09a3680fab567f6?s=96&d=mm&r=g","contentUrl":"https:\/\/secure.gravatar.com\/avatar\/d0de661745071daff296a69510a88dd6ff40167a4a7f4158f09a3680fab567f6?s=96&d=mm&r=g","caption":"client"}}]}},"_links":{"self":[{"href":"https:\/\/bikersdays.com\/de\/wp-json\/wp\/v2\/posts\/9995","targetHints":{"allow":["GET"]}}],"collection":[{"href":"https:\/\/bikersdays.com\/de\/wp-json\/wp\/v2\/posts"}],"about":[{"href":"https:\/\/bikersdays.com\/de\/wp-json\/wp\/v2\/types\/post"}],"author":[{"embeddable":true,"href":"https:\/\/bikersdays.com\/de\/wp-json\/wp\/v2\/users\/2"}],"replies":[{"embeddable":true,"href":"https:\/\/bikersdays.com\/de\/wp-json\/wp\/v2\/comments?post=9995"}],"version-history":[{"count":0,"href":"https:\/\/bikersdays.com\/de\/wp-json\/wp\/v2\/posts\/9995\/revisions"}],"wp:featuredmedia":[{"embeddable":true,"href":"https:\/\/bikersdays.com\/de\/wp-json\/wp\/v2\/media\/8910"}],"wp:attachment":[{"href":"https:\/\/bikersdays.com\/de\/wp-json\/wp\/v2\/media?parent=9995"}],"wp:term":[{"taxonomy":"category","embeddable":true,"href":"https:\/\/bikersdays.com\/de\/wp-json\/wp\/v2\/categories?post=9995"},{"taxonomy":"post_tag","embeddable":true,"href":"https:\/\/bikersdays.com\/de\/wp-json\/wp\/v2\/tags?post=9995"}],"curies":[{"name":"wp","href":"https:\/\/api.w.org\/{rel}","templated":true}]}}