{"id":9993,"date":"2024-02-07T09:38:01","date_gmt":"2024-02-07T08:38:01","guid":{"rendered":"https:\/\/bikersdays.com\/le-circuit-de-spa-francorchamps-fil-rouge-des-bikersdays\/"},"modified":"2024-02-22T09:54:13","modified_gmt":"2024-02-22T08:54:13","slug":"le-circuit-de-spa-francorchamps-fil-rouge-des-bikersdays","status":"publish","type":"post","link":"https:\/\/bikersdays.com\/nl\/le-circuit-de-spa-francorchamps-fil-rouge-des-bikersdays\/","title":{"rendered":"Het circuit van Spa-Francorchamps, de rode draad van de Bikers\u2019Days"},"content":{"rendered":"\n<p>Het circuit van Spa-Francorchamps, de rode draad van de Bikers\u2019DaysHet circuit van Spa-Francorchamps is een tweede thuis voor DG sport. De trackday organisator uit Theux voelt zich er thuis, en dat kan ook gezegd worden voor de jaarlijkse lading motorrijders die de Raidillon of Blanchimont komen ontdekken. Lang verhaal kort: Spa is Spa!<\/p>\n\n\n\n<p>Bij de inplanning van de Bikers\u2019Days-kalender keert het circuit van Spa-Francorchamps zeer regelmatig terug, zowel in de\u00a0lente\u00a0als aan einde van de zomer. Exclusieve evenementen zijn er natuurlijk ook\u00a0(8 Heures Moto EWC, SpaItalia, SpaAsia, Bikers\u2019 Festival), zo zijn er maar liefst 12 trackdays gepland in het hart van de Ardennen! Wie doet beter? Niemand!<\/p>\n\n\n\n<p>De parel van de Ardennen is voorbehouden voor snelheidsliefhebbers op 20 mei, 3 juni, 17 juni, 12 en 13 juli, 9 augustus, 12 en 13 augustus, naast 20 en 21 september wat twee trainingsdagen voor de 6 Heures motor, het top endurance evenement voor de betere amateurs.<\/p>\n\n\n\n<p>Wacht niet langer om ons prestigieuze Spa-menu te bekijken op de offici\u00eble Bikers\u2019Days-website. Door de overvloed aan data zult u onvermijdelijk wel enkele data&nbsp;vinden&nbsp;waarop u zelf aan de slag kan op het mooiste circuit ter wereld&#8217;&#8230;<\/p>\n\n\n\n<p>Pour un organisateur comme DG Sport, bas\u00e9 \u00e0 Theux, le Circuit de Spa-Francorchamps s\u2019apparente tout simplement \u00e0 une r\u00e9sidence secondaire, un passage oblig\u00e9. D\u2019autant que les&nbsp;<em>bikers<\/em>&nbsp;se bousculent pour se lancer \u00e0 l\u2019assaut du Raidillon ou enquiller, poign\u00e9e en coin, les gauches de Blanchimont&nbsp;! Bref, Spa, c\u2019est Spa\u2026&nbsp;<\/p>\n\n\n\n<p>Au moment d\u2019\u00e9laborer le calendrier des Bikers\u2019Days, le Circuit de Spa-Francorchamps revient tr\u00e8s r\u00e9guli\u00e8rement entre le c\u0153ur du printemps et la fin de l\u2019\u00e9t\u00e9. Hors \u00e9v\u00e9nements sp\u00e9cifiques (8 Heures Moto EWC, SpaItalia, SpaAsia, Bikers\u2019 Festival), pas moins de 12 journ\u00e9es de roulage sont ainsi pr\u00e9vues au c\u0153ur de l\u2019Ardenne&nbsp;! Qui dit mieux ?&nbsp;<\/p>\n\n\n\n<p>Fans de vitesse et de trac\u00e9s de l\u00e9gende, la perle motoris\u00e9e des Ardennes sera donc \u00e0 vous les 20 mai, 3 juin, 17 juin, 12 et 13 juillet, 9 ao\u00fbt, 12 et 13 ao\u00fbt, en plus des 20 et 21 septembre avec deux journ\u00e9es annon\u00e7ant l\u2019incontestable rendez-vous de l\u2019endurance amateur que sont les 6 Heures Moto&nbsp;!<\/p>\n\n\n\n<p>N\u2019attendez pas plus longtemps pour parcourir ce prestigieux menu spadois sur le site officiel des Bikers\u2019Days, d\u00e8s l\u2019instant o\u00f9 la profusion de dates vous permettra forc\u00e9ment de trouver des solutions personnalis\u00e9es synonymes d\u2019innombrables tours \u2018sur le plus beau circuit du monde\u2019\u2026&nbsp;<\/p>\n","protected":false},"excerpt":{"rendered":"<p>Het circuit van Spa-Francorchamps, de rode draad van de Bikers\u2019DaysHet circuit van Spa-Francorchamps is een tweede thuis voor DG sport. [&hellip;]<\/p>\n","protected":false},"author":2,"featured_media":8908,"comment_status":"closed","ping_status":"open","sticky":false,"template":"","format":"standard","meta":{"_acf_changed":false,"footnotes":""},"categories":[100],"tags":[],"class_list":["post-9993","post","type-post","status-publish","format-standard","has-post-thumbnail","hentry","category-2024-nl"],"acf":{"vhrs":false,"show_group":false},"yoast_head":"<!-- This site is optimized with the Yoast SEO plugin v27.5 - https:\/\/yoast.com\/product\/yoast-seo-wordpress\/ -->\n<title>Het circuit van Spa-Francorchamps, de rode draad van de Bikers\u2019Days - Bikers&#039; Days<\/title>\n<meta name=\"robots\" content=\"index, follow, max-snippet:-1, max-image-preview:large, max-video-preview:-1\" \/>\n<link rel=\"canonical\" href=\"https:\/\/bikersdays.com\/nl\/le-circuit-de-spa-francorchamps-fil-rouge-des-bikersdays\/\" \/>\n<meta property=\"og:locale\" content=\"nl_NL\" \/>\n<meta property=\"og:type\" content=\"article\" \/>\n<meta property=\"og:title\" content=\"Het circuit van Spa-Francorchamps, de rode draad van de Bikers\u2019Days - Bikers&#039; Days\" \/>\n<meta property=\"og:description\" content=\"Het circuit van Spa-Francorchamps, de rode draad van de Bikers\u2019DaysHet circuit van Spa-Francorchamps is een tweede thuis voor DG sport. [&hellip;]\" \/>\n<meta property=\"og:url\" content=\"https:\/\/bikersdays.com\/nl\/le-circuit-de-spa-francorchamps-fil-rouge-des-bikersdays\/\" \/>\n<meta property=\"og:site_name\" content=\"Bikers&#039; Days\" \/>\n<meta property=\"article:published_time\" content=\"2024-02-07T08:38:01+00:00\" \/>\n<meta property=\"article:modified_time\" content=\"2024-02-22T08:54:13+00:00\" \/>\n<meta property=\"og:image\" content=\"https:\/\/bikersdays.com\/wp-content\/uploads\/sites\/6\/908_3755_0-copia.jpg\" \/>\n\t<meta property=\"og:image:width\" content=\"1922\" \/>\n\t<meta property=\"og:image:height\" content=\"1281\" \/>\n\t<meta property=\"og:image:type\" content=\"image\/jpeg\" \/>\n<meta name=\"author\" content=\"client\" \/>\n<meta name=\"twitter:card\" content=\"summary_large_image\" \/>\n<meta name=\"twitter:label1\" content=\"Geschreven door\" \/>\n\t<meta name=\"twitter:data1\" content=\"client\" \/>\n\t<meta name=\"twitter:label2\" content=\"Geschatte leestijd\" \/>\n\t<meta name=\"twitter:data2\" content=\"2 minuten\" \/>\n<script type=\"application\/ld+json\" class=\"yoast-schema-graph\">{\"@context\":\"https:\\\/\\\/schema.org\",\"@graph\":[{\"@type\":\"Article\",\"@id\":\"https:\\\/\\\/bikersdays.com\\\/nl\\\/le-circuit-de-spa-francorchamps-fil-rouge-des-bikersdays\\\/#article\",\"isPartOf\":{\"@id\":\"https:\\\/\\\/bikersdays.com\\\/nl\\\/le-circuit-de-spa-francorchamps-fil-rouge-des-bikersdays\\\/\"},\"author\":{\"name\":\"client\",\"@id\":\"https:\\\/\\\/bikersdays.com\\\/de\\\/#\\\/schema\\\/person\\\/f869f197289e6a86361c833c1d0d95b5\"},\"headline\":\"Het circuit van Spa-Francorchamps, de rode draad van de Bikers\u2019Days\",\"datePublished\":\"2024-02-07T08:38:01+00:00\",\"dateModified\":\"2024-02-22T08:54:13+00:00\",\"mainEntityOfPage\":{\"@id\":\"https:\\\/\\\/bikersdays.com\\\/nl\\\/le-circuit-de-spa-francorchamps-fil-rouge-des-bikersdays\\\/\"},\"wordCount\":422,\"image\":{\"@id\":\"https:\\\/\\\/bikersdays.com\\\/nl\\\/le-circuit-de-spa-francorchamps-fil-rouge-des-bikersdays\\\/#primaryimage\"},\"thumbnailUrl\":\"https:\\\/\\\/bikersdays.com\\\/wp-content\\\/uploads\\\/sites\\\/6\\\/908_3755_0-copia.jpg\",\"articleSection\":[\"2024\"],\"inLanguage\":\"nl-NL\"},{\"@type\":\"WebPage\",\"@id\":\"https:\\\/\\\/bikersdays.com\\\/nl\\\/le-circuit-de-spa-francorchamps-fil-rouge-des-bikersdays\\\/\",\"url\":\"https:\\\/\\\/bikersdays.com\\\/nl\\\/le-circuit-de-spa-francorchamps-fil-rouge-des-bikersdays\\\/\",\"name\":\"Het circuit van Spa-Francorchamps, de rode draad van de Bikers\u2019Days - Bikers&#039; Days\",\"isPartOf\":{\"@id\":\"https:\\\/\\\/bikersdays.com\\\/de\\\/#website\"},\"primaryImageOfPage\":{\"@id\":\"https:\\\/\\\/bikersdays.com\\\/nl\\\/le-circuit-de-spa-francorchamps-fil-rouge-des-bikersdays\\\/#primaryimage\"},\"image\":{\"@id\":\"https:\\\/\\\/bikersdays.com\\\/nl\\\/le-circuit-de-spa-francorchamps-fil-rouge-des-bikersdays\\\/#primaryimage\"},\"thumbnailUrl\":\"https:\\\/\\\/bikersdays.com\\\/wp-content\\\/uploads\\\/sites\\\/6\\\/908_3755_0-copia.jpg\",\"datePublished\":\"2024-02-07T08:38:01+00:00\",\"dateModified\":\"2024-02-22T08:54:13+00:00\",\"author\":{\"@id\":\"https:\\\/\\\/bikersdays.com\\\/de\\\/#\\\/schema\\\/person\\\/f869f197289e6a86361c833c1d0d95b5\"},\"breadcrumb\":{\"@id\":\"https:\\\/\\\/bikersdays.com\\\/nl\\\/le-circuit-de-spa-francorchamps-fil-rouge-des-bikersdays\\\/#breadcrumb\"},\"inLanguage\":\"nl-NL\",\"potentialAction\":[{\"@type\":\"ReadAction\",\"target\":[\"https:\\\/\\\/bikersdays.com\\\/nl\\\/le-circuit-de-spa-francorchamps-fil-rouge-des-bikersdays\\\/\"]}]},{\"@type\":\"ImageObject\",\"inLanguage\":\"nl-NL\",\"@id\":\"https:\\\/\\\/bikersdays.com\\\/nl\\\/le-circuit-de-spa-francorchamps-fil-rouge-des-bikersdays\\\/#primaryimage\",\"url\":\"https:\\\/\\\/bikersdays.com\\\/wp-content\\\/uploads\\\/sites\\\/6\\\/908_3755_0-copia.jpg\",\"contentUrl\":\"https:\\\/\\\/bikersdays.com\\\/wp-content\\\/uploads\\\/sites\\\/6\\\/908_3755_0-copia.jpg\",\"width\":1922,\"height\":1281},{\"@type\":\"BreadcrumbList\",\"@id\":\"https:\\\/\\\/bikersdays.com\\\/nl\\\/le-circuit-de-spa-francorchamps-fil-rouge-des-bikersdays\\\/#breadcrumb\",\"itemListElement\":[{\"@type\":\"ListItem\",\"position\":1,\"name\":\"Accueil\",\"item\":\"https:\\\/\\\/bikersdays.com\\\/nl\\\/\"},{\"@type\":\"ListItem\",\"position\":2,\"name\":\"Het circuit van Spa-Francorchamps, de rode draad van de Bikers\u2019Days\"}]},{\"@type\":\"WebSite\",\"@id\":\"https:\\\/\\\/bikersdays.com\\\/de\\\/#website\",\"url\":\"https:\\\/\\\/bikersdays.com\\\/de\\\/\",\"name\":\"Bikers&#039; Days\",\"description\":\"\",\"potentialAction\":[{\"@type\":\"SearchAction\",\"target\":{\"@type\":\"EntryPoint\",\"urlTemplate\":\"https:\\\/\\\/bikersdays.com\\\/de\\\/?s={search_term_string}\"},\"query-input\":{\"@type\":\"PropertyValueSpecification\",\"valueRequired\":true,\"valueName\":\"search_term_string\"}}],\"inLanguage\":\"nl-NL\"},{\"@type\":\"Person\",\"@id\":\"https:\\\/\\\/bikersdays.com\\\/de\\\/#\\\/schema\\\/person\\\/f869f197289e6a86361c833c1d0d95b5\",\"name\":\"client\",\"image\":{\"@type\":\"ImageObject\",\"inLanguage\":\"nl-NL\",\"@id\":\"https:\\\/\\\/secure.gravatar.com\\\/avatar\\\/d0de661745071daff296a69510a88dd6ff40167a4a7f4158f09a3680fab567f6?s=96&d=mm&r=g\",\"url\":\"https:\\\/\\\/secure.gravatar.com\\\/avatar\\\/d0de661745071daff296a69510a88dd6ff40167a4a7f4158f09a3680fab567f6?s=96&d=mm&r=g\",\"contentUrl\":\"https:\\\/\\\/secure.gravatar.com\\\/avatar\\\/d0de661745071daff296a69510a88dd6ff40167a4a7f4158f09a3680fab567f6?s=96&d=mm&r=g\",\"caption\":\"client\"}}]}<\/script>\n<!-- \/ Yoast SEO plugin. -->","yoast_head_json":{"title":"Het circuit van Spa-Francorchamps, de rode draad van de Bikers\u2019Days - Bikers&#039; Days","robots":{"index":"index","follow":"follow","max-snippet":"max-snippet:-1","max-image-preview":"max-image-preview:large","max-video-preview":"max-video-preview:-1"},"canonical":"https:\/\/bikersdays.com\/nl\/le-circuit-de-spa-francorchamps-fil-rouge-des-bikersdays\/","og_locale":"nl_NL","og_type":"article","og_title":"Het circuit van Spa-Francorchamps, de rode draad van de Bikers\u2019Days - Bikers&#039; Days","og_description":"Het circuit van Spa-Francorchamps, de rode draad van de Bikers\u2019DaysHet circuit van Spa-Francorchamps is een tweede thuis voor DG sport. [&hellip;]","og_url":"https:\/\/bikersdays.com\/nl\/le-circuit-de-spa-francorchamps-fil-rouge-des-bikersdays\/","og_site_name":"Bikers&#039; Days","article_published_time":"2024-02-07T08:38:01+00:00","article_modified_time":"2024-02-22T08:54:13+00:00","og_image":[{"width":1922,"height":1281,"url":"https:\/\/bikersdays.com\/wp-content\/uploads\/sites\/6\/908_3755_0-copia.jpg","type":"image\/jpeg"}],"author":"client","twitter_card":"summary_large_image","twitter_misc":{"Geschreven door":"client","Geschatte leestijd":"2 minuten"},"schema":{"@context":"https:\/\/schema.org","@graph":[{"@type":"Article","@id":"https:\/\/bikersdays.com\/nl\/le-circuit-de-spa-francorchamps-fil-rouge-des-bikersdays\/#article","isPartOf":{"@id":"https:\/\/bikersdays.com\/nl\/le-circuit-de-spa-francorchamps-fil-rouge-des-bikersdays\/"},"author":{"name":"client","@id":"https:\/\/bikersdays.com\/de\/#\/schema\/person\/f869f197289e6a86361c833c1d0d95b5"},"headline":"Het circuit van Spa-Francorchamps, de rode draad van de Bikers\u2019Days","datePublished":"2024-02-07T08:38:01+00:00","dateModified":"2024-02-22T08:54:13+00:00","mainEntityOfPage":{"@id":"https:\/\/bikersdays.com\/nl\/le-circuit-de-spa-francorchamps-fil-rouge-des-bikersdays\/"},"wordCount":422,"image":{"@id":"https:\/\/bikersdays.com\/nl\/le-circuit-de-spa-francorchamps-fil-rouge-des-bikersdays\/#primaryimage"},"thumbnailUrl":"https:\/\/bikersdays.com\/wp-content\/uploads\/sites\/6\/908_3755_0-copia.jpg","articleSection":["2024"],"inLanguage":"nl-NL"},{"@type":"WebPage","@id":"https:\/\/bikersdays.com\/nl\/le-circuit-de-spa-francorchamps-fil-rouge-des-bikersdays\/","url":"https:\/\/bikersdays.com\/nl\/le-circuit-de-spa-francorchamps-fil-rouge-des-bikersdays\/","name":"Het circuit van Spa-Francorchamps, de rode draad van de Bikers\u2019Days - Bikers&#039; Days","isPartOf":{"@id":"https:\/\/bikersdays.com\/de\/#website"},"primaryImageOfPage":{"@id":"https:\/\/bikersdays.com\/nl\/le-circuit-de-spa-francorchamps-fil-rouge-des-bikersdays\/#primaryimage"},"image":{"@id":"https:\/\/bikersdays.com\/nl\/le-circuit-de-spa-francorchamps-fil-rouge-des-bikersdays\/#primaryimage"},"thumbnailUrl":"https:\/\/bikersdays.com\/wp-content\/uploads\/sites\/6\/908_3755_0-copia.jpg","datePublished":"2024-02-07T08:38:01+00:00","dateModified":"2024-02-22T08:54:13+00:00","author":{"@id":"https:\/\/bikersdays.com\/de\/#\/schema\/person\/f869f197289e6a86361c833c1d0d95b5"},"breadcrumb":{"@id":"https:\/\/bikersdays.com\/nl\/le-circuit-de-spa-francorchamps-fil-rouge-des-bikersdays\/#breadcrumb"},"inLanguage":"nl-NL","potentialAction":[{"@type":"ReadAction","target":["https:\/\/bikersdays.com\/nl\/le-circuit-de-spa-francorchamps-fil-rouge-des-bikersdays\/"]}]},{"@type":"ImageObject","inLanguage":"nl-NL","@id":"https:\/\/bikersdays.com\/nl\/le-circuit-de-spa-francorchamps-fil-rouge-des-bikersdays\/#primaryimage","url":"https:\/\/bikersdays.com\/wp-content\/uploads\/sites\/6\/908_3755_0-copia.jpg","contentUrl":"https:\/\/bikersdays.com\/wp-content\/uploads\/sites\/6\/908_3755_0-copia.jpg","width":1922,"height":1281},{"@type":"BreadcrumbList","@id":"https:\/\/bikersdays.com\/nl\/le-circuit-de-spa-francorchamps-fil-rouge-des-bikersdays\/#breadcrumb","itemListElement":[{"@type":"ListItem","position":1,"name":"Accueil","item":"https:\/\/bikersdays.com\/nl\/"},{"@type":"ListItem","position":2,"name":"Het circuit van Spa-Francorchamps, de rode draad van de Bikers\u2019Days"}]},{"@type":"WebSite","@id":"https:\/\/bikersdays.com\/de\/#website","url":"https:\/\/bikersdays.com\/de\/","name":"Bikers&#039; Days","description":"","potentialAction":[{"@type":"SearchAction","target":{"@type":"EntryPoint","urlTemplate":"https:\/\/bikersdays.com\/de\/?s={search_term_string}"},"query-input":{"@type":"PropertyValueSpecification","valueRequired":true,"valueName":"search_term_string"}}],"inLanguage":"nl-NL"},{"@type":"Person","@id":"https:\/\/bikersdays.com\/de\/#\/schema\/person\/f869f197289e6a86361c833c1d0d95b5","name":"client","image":{"@type":"ImageObject","inLanguage":"nl-NL","@id":"https:\/\/secure.gravatar.com\/avatar\/d0de661745071daff296a69510a88dd6ff40167a4a7f4158f09a3680fab567f6?s=96&d=mm&r=g","url":"https:\/\/secure.gravatar.com\/avatar\/d0de661745071daff296a69510a88dd6ff40167a4a7f4158f09a3680fab567f6?s=96&d=mm&r=g","contentUrl":"https:\/\/secure.gravatar.com\/avatar\/d0de661745071daff296a69510a88dd6ff40167a4a7f4158f09a3680fab567f6?s=96&d=mm&r=g","caption":"client"}}]}},"_links":{"self":[{"href":"https:\/\/bikersdays.com\/nl\/wp-json\/wp\/v2\/posts\/9993","targetHints":{"allow":["GET"]}}],"collection":[{"href":"https:\/\/bikersdays.com\/nl\/wp-json\/wp\/v2\/posts"}],"about":[{"href":"https:\/\/bikersdays.com\/nl\/wp-json\/wp\/v2\/types\/post"}],"author":[{"embeddable":true,"href":"https:\/\/bikersdays.com\/nl\/wp-json\/wp\/v2\/users\/2"}],"replies":[{"embeddable":true,"href":"https:\/\/bikersdays.com\/nl\/wp-json\/wp\/v2\/comments?post=9993"}],"version-history":[{"count":0,"href":"https:\/\/bikersdays.com\/nl\/wp-json\/wp\/v2\/posts\/9993\/revisions"}],"wp:featuredmedia":[{"embeddable":true,"href":"https:\/\/bikersdays.com\/nl\/wp-json\/wp\/v2\/media\/8908"}],"wp:attachment":[{"href":"https:\/\/bikersdays.com\/nl\/wp-json\/wp\/v2\/media?parent=9993"}],"wp:term":[{"taxonomy":"category","embeddable":true,"href":"https:\/\/bikersdays.com\/nl\/wp-json\/wp\/v2\/categories?post=9993"},{"taxonomy":"post_tag","embeddable":true,"href":"https:\/\/bikersdays.com\/nl\/wp-json\/wp\/v2\/tags?post=9993"}],"curies":[{"name":"wp","href":"https:\/\/api.w.org\/{rel}","templated":true}]}}